{"id":12294,"date":"2019-11-12T15:04:00","date_gmt":"2019-11-12T15:04:00","guid":{"rendered":"https:\/\/infotorrent.es\/uncategorized\/els-torrentins-i-torrentines-dissenyen-lestrategia-de-mobilitat-per-al-municipi-en-els-proxims-anys\/"},"modified":"2019-11-12T14:54:32","modified_gmt":"2019-11-12T14:54:32","slug":"els-torrentins-i-torrentines-dissenyen-lestrategia-de-mobilitat-per-al-municipi-en-els-proxims-anys","status":"publish","type":"post","link":"https:\/\/infotorrent.es\/ca\/noticies\/els-torrentins-i-torrentines-dissenyen-lestrategia-de-mobilitat-per-al-municipi-en-els-proxims-anys\/","title":{"rendered":"Els torrentins i torrentines dissenyen l&#8217;estrat\u00e8gia de mobilitat per al municipi en els pr\u00f2xims anys"},"content":{"rendered":"<p style=\"text-align: justify;\">Els torrentins i torrentines continuen col\u00b7laborant en el disseny del Pla de Mobilitat Urbana Sostenible de Torrent (PMUS); un projecte desenvolupat per la delegaci\u00f3 de Mobilitat de l&#8217;Ajuntament de Torrent amb el qual es marcar\u00e0 l&#8217;estrat\u00e8gia de mobilitat per al municipi en els pr\u00f2xims anys, finan\u00e7at per ajudes del POCV, i del qual es definiran algunes actuacions que s&#8217;implementaran dins de l&#8217;Estrat\u00e8gia de Desenvolupament Urb\u00e0 Sostenible (EDUSI), i cofinan\u00e7at al 50% amb fons europeus FEDER.<\/p>\n<p>Per aqueix motiu, en aquesta primera fase participativa, els ve\u00efns i ve\u00efnes es van reunir ahir a la vesprada a casa de la D\u00f3na per a aportar les seues opinions i demandes amb l&#8217;objectiu de millorar l&#8217;accessibilitat i integrar la mobilitat en les diferents maneres de transport, no solament per als vianants o amb bicicleta, sin\u00f3 tamb\u00e9 la circulaci\u00f3 de vehicles i el transport p\u00fablic. La regidora de Mobilitat, Inma Amat, i el regidor de Transport, Jos\u00e9 Antonio Castillejo, van assistir a la cita per a debatre i donar resposta a tot el p\u00fablic que va expressar i va explicar les seues aportacions.<\/p>\n<p>Les jornades de participaci\u00f3 ciutadana es van iniciar la setmana passada amb un primer taller en la seu de l&#8217;Associaci\u00f3 de Ve\u00efns El Vedat perqu\u00e8 totes les persones, associacions i col\u00b7lectius pogueren con\u00e8ixer aquesta iniciativa i, al mateix temps, oferir les seues reflexions.<\/p>\n<p><img fetchpriority=\"high\" decoding=\"async\" class=\"aligncenter size-full wp-image-33750\" src=\"https:\/\/www.infotorrent.es\/wp-content\/uploads\/2019\/11\/Plan-de-movilidad-2-e1573570368120.jpg\" alt=\"\" width=\"700\" height=\"467\" \/><\/p>\n","protected":false},"excerpt":{"rendered":"<p>Els torrentins i torrentines continuen col\u00b7laborant en el disseny del Pla de Mobilitat Urbana Sostenible de Torrent (PMUS); un projecte desenvolupat per la delegaci\u00f3 de Mobilitat de l&#8217;Ajuntament de Torrent amb el qual es marcar\u00e0 l&#8217;estrat\u00e8gia de mobilitat per al municipi en els pr\u00f2xims anys, finan\u00e7at per ajudes del POCV, i del qual es definiran [&hellip;]<\/p>\n","protected":false},"author":6,"featured_media":12296,"comment_status":"closed","ping_status":"open","sticky":false,"template":"","format":"standard","meta":{"_acf_changed":false,"footnotes":""},"categories":[116,142],"tags":[259],"class_list":["post-12294","post","type-post","status-publish","format-standard","has-post-thumbnail","hentry","category-noticies","category-seguridad-ciudadana-y-mobilidad","tag-ajuntament-de-torrenttorrent"],"acf":[],"_links":{"self":[{"href":"https:\/\/infotorrent.es\/ca\/wp-json\/wp\/v2\/posts\/12294","targetHints":{"allow":["GET"]}}],"collection":[{"href":"https:\/\/infotorrent.es\/ca\/wp-json\/wp\/v2\/posts"}],"about":[{"href":"https:\/\/infotorrent.es\/ca\/wp-json\/wp\/v2\/types\/post"}],"author":[{"embeddable":true,"href":"https:\/\/infotorrent.es\/ca\/wp-json\/wp\/v2\/users\/6"}],"replies":[{"embeddable":true,"href":"https:\/\/infotorrent.es\/ca\/wp-json\/wp\/v2\/comments?post=12294"}],"version-history":[{"count":0,"href":"https:\/\/infotorrent.es\/ca\/wp-json\/wp\/v2\/posts\/12294\/revisions"}],"wp:featuredmedia":[{"embeddable":true,"href":"https:\/\/infotorrent.es\/ca\/wp-json\/wp\/v2\/media\/12296"}],"wp:attachment":[{"href":"https:\/\/infotorrent.es\/ca\/wp-json\/wp\/v2\/media?parent=12294"}],"wp:term":[{"taxonomy":"category","embeddable":true,"href":"https:\/\/infotorrent.es\/ca\/wp-json\/wp\/v2\/categories?post=12294"},{"taxonomy":"post_tag","embeddable":true,"href":"https:\/\/infotorrent.es\/ca\/wp-json\/wp\/v2\/tags?post=12294"}],"curies":[{"name":"wp","href":"https:\/\/api.w.org\/{rel}","templated":true}]}}