{"id":12270,"date":"2019-11-07T14:18:00","date_gmt":"2019-11-07T14:18:00","guid":{"rendered":"https:\/\/infotorrent.es\/uncategorized\/comenca-la-xii-mostra-de-teatre-amateur-juan-manuel-ferraro-a-torrent\/"},"modified":"2019-11-07T14:24:28","modified_gmt":"2019-11-07T14:24:28","slug":"comenca-la-xii-mostra-de-teatre-amateur-juan-manuel-ferraro-a-torrent","status":"publish","type":"post","link":"https:\/\/infotorrent.es\/ca\/noticies\/comenca-la-xii-mostra-de-teatre-amateur-juan-manuel-ferraro-a-torrent\/","title":{"rendered":"Comen\u00e7a la XII Mostra de Teatre Amateur \u201cJuan Manuel Ferraro\u201d a Torrent"},"content":{"rendered":"<p>Teatre en Construcci\u00f3 d&#8217;Elx, Carabau Teatre d&#8217;Alaqu\u00e0s, P\u00e0nic Esc\u00e8nic i Coturno \u2013 organitzadors del projecte &#8211; pujaran a escena a l&#8217; Auditori<\/p>\n<p>Aquest cap de setmana dona comen\u00e7ament a l\u2019Auditori de Torrent la XII Mostra de Teatre Amateur \u201cJuan Manuel *Ferrraro\u201d organitzada per Coturno, grup de teatre amateur de Torrent, i que tots els anys recull una bona mostra dels treballs que realitzen les companyies de teatre amateur de la Comunitat Valenciana. Enguany compta amb la participaci\u00f3 de Teatre en Construcci\u00f3 d&#8217;Elx, Carabau Teatre d&#8217;Alaqu\u00e0s i P\u00e0nic Esc\u00e8nic de Val\u00e8ncia, a m\u00e9s de Coturno, encarregat sempre de tancar la Mostra.<br \/>\n\u201cHuanita\u201d \u00e9s la proposta triada per a inaugurar la Mostra aquest dissabte 9 de novembre a les 19 h. Es tracta d&#8217;un muntatge entre la com\u00e8dia de l&#8217;art, el teatre de l&#8217;absurd i el drama, que planteja una profunda reflexi\u00f3 sobre la fam\u00edlia, la culpa, l&#8217;educaci\u00f3 dels fills i el descobriment personal. Amb una original est\u00e8tica, la companyia Teatre en Construcci\u00f3 ens revelar\u00e0 el final i, al mateix temps, el comen\u00e7ament de la hist\u00f2ria de Huanita. La funci\u00f3 ser\u00e0 el dissabte 9 de novembre a les 19 h.<\/p>\n<p>Despr\u00e9s arribar\u00e0 el torn de Carabau Teatre, amb la seua particular versi\u00f3 de \u201cNoces de Sang\u201d, el gran drama sobre la vida i la mort escrit per Federico Garc\u00eda Lorca, que introdueix al lector en un m\u00f3n d&#8217; ombr\u00edes passions que deriven en la gelosia, la persecuci\u00f3 i el tr\u00e0gic final: la mort. Des de Carabau Teatre li han donat la seua pr\u00f2pia pinzellada dramat\u00fargica, quatre int\u00e8rprets que pretenen transmetre el que ells van sentir quan els va embullar la m\u00e0gia lorquiana. La funci\u00f3 ser\u00e0 el diumenge 17 de novembre a les 19 h.<br \/>\n\u201c*Amant a sou\u201d, de P\u00e0nic Esc\u00e8nic, compte la hist\u00f2ria de Sisi i Jaume. Ella, una pintora rica i reeixida, per\u00f2 des que es va divorciar fa deu anys no ha tingut una relaci\u00f3 sexual. Ell, un home normal, recentment divorciat i amb grans problemes per a trobar un treball i poder passar-los la pensi\u00f3 als seus fills. Dues hist\u00f2ries que es creuen, dues persones que aparenten, dues persones que es troben, dues persones que connecten, dues persones que s&#8217;enfonsen&#8230; La cita tindr\u00e0 lloc el diumenge 24 de novembre a les 19 h.<\/p>\n<p>La clausura de la Mostra ser\u00e0 a c\u00e0rrec com sempre de Coturno Teatre, organitzador d&#8217;aquesta. En aquesta ocasi\u00f3, l&#8217;1 de desembre a les 19 h, recuperen els mon\u00f2legs de Dar\u00edo Fo i Franca Rame \u201cEl despertar\u201d i \u201cLa mare pasota\u201d i els fusionen en l&#8217;obra \u201cDona atrapada\u201d, que retrata i q\u00fcestiona amb humor fi i di\u00e0legs aguts el rol de la dona en la societat, sobretot el de la mare que ha d&#8217;enfrontar-se a un munt d&#8217;oficis, sense el m\u00ednim suport de ning\u00fa.<\/p>\n<p>Les entrades estan a la venda en www.auditoritorrent.com i en les taquilles del *Auditori (dijous de 17 a 20 h, divendres d&#8217;11 a 13 h i des de 2 hores abans del comen\u00e7ament de cada espectacle).<\/p>\n<p>&nbsp;<\/p>\n<p><img fetchpriority=\"high\" decoding=\"async\" class=\"size-full wp-image-33591 aligncenter\" src=\"https:\/\/www.infotorrent.es\/wp-content\/uploads\/2019\/11\/Mostra-Teatre-Copy.jpg\" alt=\"\" width=\"600\" height=\"849\" \/><\/p>\n","protected":false},"excerpt":{"rendered":"<p>Teatre en Construcci\u00f3 d&#8217;Elx, Carabau Teatre d&#8217;Alaqu\u00e0s, P\u00e0nic Esc\u00e8nic i Coturno \u2013 organitzadors del projecte &#8211; pujaran a escena a l&#8217; Auditori Aquest cap de setmana dona comen\u00e7ament a l\u2019Auditori de Torrent la XII Mostra de Teatre Amateur \u201cJuan Manuel *Ferrraro\u201d organitzada per Coturno, grup de teatre amateur de Torrent, i que tots els anys [&hellip;]<\/p>\n","protected":false},"author":2,"featured_media":12272,"comment_status":"closed","ping_status":"open","sticky":false,"template":"","format":"standard","meta":{"_acf_changed":false,"footnotes":""},"categories":[126,116],"tags":[236],"class_list":["post-12270","post","type-post","status-publish","format-standard","has-post-thumbnail","hentry","category-cultura-es-2","category-noticies","tag-ajuntament-de-torrent"],"acf":[],"_links":{"self":[{"href":"https:\/\/infotorrent.es\/ca\/wp-json\/wp\/v2\/posts\/12270","targetHints":{"allow":["GET"]}}],"collection":[{"href":"https:\/\/infotorrent.es\/ca\/wp-json\/wp\/v2\/posts"}],"about":[{"href":"https:\/\/infotorrent.es\/ca\/wp-json\/wp\/v2\/types\/post"}],"author":[{"embeddable":true,"href":"https:\/\/infotorrent.es\/ca\/wp-json\/wp\/v2\/users\/2"}],"replies":[{"embeddable":true,"href":"https:\/\/infotorrent.es\/ca\/wp-json\/wp\/v2\/comments?post=12270"}],"version-history":[{"count":0,"href":"https:\/\/infotorrent.es\/ca\/wp-json\/wp\/v2\/posts\/12270\/revisions"}],"wp:featuredmedia":[{"embeddable":true,"href":"https:\/\/infotorrent.es\/ca\/wp-json\/wp\/v2\/media\/12272"}],"wp:attachment":[{"href":"https:\/\/infotorrent.es\/ca\/wp-json\/wp\/v2\/media?parent=12270"}],"wp:term":[{"taxonomy":"category","embeddable":true,"href":"https:\/\/infotorrent.es\/ca\/wp-json\/wp\/v2\/categories?post=12270"},{"taxonomy":"post_tag","embeddable":true,"href":"https:\/\/infotorrent.es\/ca\/wp-json\/wp\/v2\/tags?post=12270"}],"curies":[{"name":"wp","href":"https:\/\/api.w.org\/{rel}","templated":true}]}}