{"id":12245,"date":"2019-11-04T08:53:15","date_gmt":"2019-11-04T08:53:15","guid":{"rendered":"https:\/\/infotorrent.es\/uncategorized\/torrent-nomena-filla-predilecta-a-rosa-orti-mateu-i-fill-adoptiu-a-alfred-dominguez-ibanez\/"},"modified":"2019-11-04T09:03:42","modified_gmt":"2019-11-04T09:03:42","slug":"torrent-nomena-filla-predilecta-a-rosa-orti-mateu-i-fill-adoptiu-a-alfred-dominguez-ibanez","status":"publish","type":"post","link":"https:\/\/infotorrent.es\/ca\/noticies\/torrent-nomena-filla-predilecta-a-rosa-orti-mateu-i-fill-adoptiu-a-alfred-dominguez-ibanez\/","title":{"rendered":"Torrent nomena Filla Predilecta a Rosa Ort\u00ed Mateu i Fill Adoptiu a Alfred Dom\u00ednguez Ib\u00e1\u00f1ez"},"content":{"rendered":"<p style=\"text-align: justify;\">El ple municipal de l&#8217;Ajuntament de Torrent va nomenar ahir a la vesprada com a Filla Predilecta a Rosa Ort\u00ed Mateu i Fill Adoptiu a Alfred Dom\u00ednguez Ib\u00e1\u00f1ez. Dos merescuts reconeixements a dues persones que han dedicat el seu esfor\u00e7, treball i dedicaci\u00f3 a la ciutat de Torrent i als torrentins i torrentines.<\/p>\n<p style=\"text-align: justify;\"><strong>Rosa Ort\u00ed Mateu, Filla Predilecta<\/strong><br \/>\nRosa Ort\u00ed Mateu, va n\u00e0ixer a Torrent i des de ben xicoteta ha dedicat la seua vida a educar i ensenyar, sempre escoltant les necessitats dels pobles. Tot aix\u00f2 com a religiosa des de la seua congregaci\u00f3, tamb\u00e9 col\u00b7laborant amb unes altres o participant amb la societat civil per a portar avant iniciatives solid\u00e0ries.<\/p>\n<p style=\"text-align: justify;\">Rosa, que \u00e9s llicenciada en Magisteri i Teologia i Doctora en filosofia i pedagogia, \u201c<strong>\u00e9s una dona compromesa, sensible al sofriment dels desprotegits i capa\u00e7 d&#8217;indignar-se davant la injust\u00edcia, que ha fet de la vida un acte de lliurament de servei<\/strong>\u201d va explicar l&#8217;alcalde.<\/p>\n<p style=\"text-align: justify;\">La Filla Predilecta \u00e9s una torrentina excepcional que, amb la seua procedir, contribueix de manera significativa a donar prestigi al nom i la imatge de Torrent, all\u00e0 on la seua acci\u00f3 i els seus escrits arriben.<\/p>\n<p style=\"text-align: justify;\"><strong>Alfred Dom\u00ednguez Ib\u00e1\u00f1ez, Fill Adoptiu<\/strong><br \/>\nPer la seua part, Alfred Dom\u00ednguez Ib\u00e1\u00f1ez sempre ha estat comprom\u00e9s amb el nostre poble i la nostra comarca des de la seua arribada a Torrent fa 40 anys, participant de forma activa en l&#8217;activitat social i cultural. Educador de professi\u00f3, ha impartit l&#8217;ensenyament en l&#8217;institut Tirant lo Blanch o en la seua Universitat de Majors i, a m\u00e9s, va ser regidor de Cultura de l&#8217;Ajuntament de Torrent durant dos legislatures.<\/p>\n<p style=\"text-align: justify;\"><strong>\u201cSempre ha recolzat qualsevol causa justa en la qual se li ha requerit, sempre ha tractat de solucionar els problemes de les persones si estava a les seues mans, i sempre ha continuat fomentant la cultura i la participaci\u00f3 ciutadana al nostre poble\u201d<\/strong>, va assenyalar l&#8217;alcalde Jes\u00fas Ros durant el Ple.<\/p>\n<p style=\"text-align: justify;\">\nAlfred ha participat en el F\u00f2rum d&#8217;Opini\u00f3 de Torrent, en el Consell de Cultura, com a voluntariat del valenci\u00e0, com a col\u00b7laborador de l&#8217;Associaci\u00f3 de Dones de la Comarca de l&#8217;Horta Sud, o com a professor de classes d&#8217;alfabetitzaci\u00f3, entre altres. Tamb\u00e9 destacar la seua labor en la Fundaci\u00f3 Horta Sud, on ha promogut el moviment associatiu com a motor de la nostra comarca, contribuint a una societat m\u00e9s justa i compromesa.<\/p>\n","protected":false},"excerpt":{"rendered":"<p>El ple municipal de l&#8217;Ajuntament de Torrent va nomenar ahir a la vesprada com a Filla Predilecta a Rosa Ort\u00ed Mateu i Fill Adoptiu a Alfred Dom\u00ednguez Ib\u00e1\u00f1ez. Dos merescuts reconeixements a dues persones que han dedicat el seu esfor\u00e7, treball i dedicaci\u00f3 a la ciutat de Torrent i als torrentins i torrentines. Rosa Ort\u00ed [&hellip;]<\/p>\n","protected":false},"author":3,"featured_media":1137,"comment_status":"closed","ping_status":"open","sticky":false,"template":"","format":"standard","meta":{"_acf_changed":false,"footnotes":""},"categories":[126,116],"tags":[589],"class_list":["post-12245","post","type-post","status-publish","format-standard","has-post-thumbnail","hentry","category-cultura-es-2","category-noticies","tag-hija-predilectahijo-adoptivo"],"acf":[],"_links":{"self":[{"href":"https:\/\/infotorrent.es\/ca\/wp-json\/wp\/v2\/posts\/12245","targetHints":{"allow":["GET"]}}],"collection":[{"href":"https:\/\/infotorrent.es\/ca\/wp-json\/wp\/v2\/posts"}],"about":[{"href":"https:\/\/infotorrent.es\/ca\/wp-json\/wp\/v2\/types\/post"}],"author":[{"embeddable":true,"href":"https:\/\/infotorrent.es\/ca\/wp-json\/wp\/v2\/users\/3"}],"replies":[{"embeddable":true,"href":"https:\/\/infotorrent.es\/ca\/wp-json\/wp\/v2\/comments?post=12245"}],"version-history":[{"count":0,"href":"https:\/\/infotorrent.es\/ca\/wp-json\/wp\/v2\/posts\/12245\/revisions"}],"wp:featuredmedia":[{"embeddable":true,"href":"https:\/\/infotorrent.es\/ca\/wp-json\/wp\/v2\/media\/1137"}],"wp:attachment":[{"href":"https:\/\/infotorrent.es\/ca\/wp-json\/wp\/v2\/media?parent=12245"}],"wp:term":[{"taxonomy":"category","embeddable":true,"href":"https:\/\/infotorrent.es\/ca\/wp-json\/wp\/v2\/categories?post=12245"},{"taxonomy":"post_tag","embeddable":true,"href":"https:\/\/infotorrent.es\/ca\/wp-json\/wp\/v2\/tags?post=12245"}],"curies":[{"name":"wp","href":"https:\/\/api.w.org\/{rel}","templated":true}]}}