{"id":12219,"date":"2019-10-30T11:02:19","date_gmt":"2019-10-30T11:02:19","guid":{"rendered":"https:\/\/infotorrent.es\/uncategorized\/el-xocolate-de-torrent-selabora-en-la-fira-turistica-comarcal\/"},"modified":"2019-10-30T11:08:11","modified_gmt":"2019-10-30T11:08:11","slug":"el-xocolate-de-torrent-selabora-en-la-fira-turistica-comarcal","status":"publish","type":"post","link":"https:\/\/infotorrent.es\/ca\/noticies\/el-xocolate-de-torrent-selabora-en-la-fira-turistica-comarcal\/","title":{"rendered":"El xocolate de Torrent s&#8217;elabora en la Fira Tur\u00edstica Comarcal"},"content":{"rendered":"<p>La ciutat de Torrent ha presentat aquest cap de setmana els seus recursos culturals, patrimonials, tur\u00edstics i paisatg\u00edstics en la I Fira Tur\u00edstica Comarcal #HortaSudPropDeTu, organitzada per la Mancomunitat de l&#8217;Horta Sud i que va comptar amb la participaci\u00f3 dels municipis de la comarca per a mostrar el m\u00e9s destacat de la nostra artesania, gastronomia, cultura, naturalesa o esport. El Parc Jove de Picanya va acollir el dissabte aquest esdeveniment, en el qual Torrent va donar el toc m\u00e9s dol\u00e7 amb una demostraci\u00f3 de l&#8217;elaboraci\u00f3 del tradicional xocolate torrent\u00cd. De la m\u00e0 de Rafael Andreu, el p\u00fablic assistent va poder con\u00e9ixer els passos a seguir per a crear aquest exquisit manjar i, a m\u00e9s, van poder degustar-ho, ja que l&#8217;Ajuntament de Torrent va obsequiar a tots els presents amb un \u201cxocolate de brioix\u201d. La regidora de Turisme, Susi Ferrer, no va voler perdre&#8217;s aquesta Fira, en la qual la ciutat tamb\u00e9 va tindre un estand informatiu amb informaci\u00f3 sobre el municipi.<\/p>\n<p>&nbsp;<\/p>\n<p><img fetchpriority=\"high\" decoding=\"async\" class=\"size-full wp-image-33178 aligncenter\" src=\"https:\/\/www.infotorrent.es\/wp-content\/uploads\/2019\/10\/Feria-1-Copy.jpeg\" alt=\"\" width=\"800\" height=\"600\" \/><\/p>\n<p>&nbsp;<\/p>\n<p><img decoding=\"async\" class=\"size-full wp-image-33180 aligncenter\" src=\"https:\/\/www.infotorrent.es\/wp-content\/uploads\/2019\/10\/Feria-2-Copy.jpeg\" alt=\"\" width=\"800\" height=\"600\" \/><\/p>\n<p>&nbsp;<\/p>\n<p><img decoding=\"async\" class=\"size-full wp-image-33182 aligncenter\" src=\"https:\/\/www.infotorrent.es\/wp-content\/uploads\/2019\/10\/Feria-3-2-Copy.jpeg\" alt=\"\" width=\"800\" height=\"600\" \/><\/p>\n","protected":false},"excerpt":{"rendered":"<p>La ciutat de Torrent ha presentat aquest cap de setmana els seus recursos culturals, patrimonials, tur\u00edstics i paisatg\u00edstics en la I Fira Tur\u00edstica Comarcal #HortaSudPropDeTu, organitzada per la Mancomunitat de l&#8217;Horta Sud i que va comptar amb la participaci\u00f3 dels municipis de la comarca per a mostrar el m\u00e9s destacat de la nostra artesania, gastronomia, [&hellip;]<\/p>\n","protected":false},"author":2,"featured_media":12221,"comment_status":"closed","ping_status":"open","sticky":false,"template":"","format":"standard","meta":{"_acf_changed":false,"footnotes":""},"categories":[126,127,116],"tags":[236],"class_list":["post-12219","post","type-post","status-publish","format-standard","has-post-thumbnail","hentry","category-cultura-es-2","category-noticias-2","category-noticies","tag-ajuntament-de-torrent"],"acf":[],"_links":{"self":[{"href":"https:\/\/infotorrent.es\/ca\/wp-json\/wp\/v2\/posts\/12219","targetHints":{"allow":["GET"]}}],"collection":[{"href":"https:\/\/infotorrent.es\/ca\/wp-json\/wp\/v2\/posts"}],"about":[{"href":"https:\/\/infotorrent.es\/ca\/wp-json\/wp\/v2\/types\/post"}],"author":[{"embeddable":true,"href":"https:\/\/infotorrent.es\/ca\/wp-json\/wp\/v2\/users\/2"}],"replies":[{"embeddable":true,"href":"https:\/\/infotorrent.es\/ca\/wp-json\/wp\/v2\/comments?post=12219"}],"version-history":[{"count":0,"href":"https:\/\/infotorrent.es\/ca\/wp-json\/wp\/v2\/posts\/12219\/revisions"}],"wp:featuredmedia":[{"embeddable":true,"href":"https:\/\/infotorrent.es\/ca\/wp-json\/wp\/v2\/media\/12221"}],"wp:attachment":[{"href":"https:\/\/infotorrent.es\/ca\/wp-json\/wp\/v2\/media?parent=12219"}],"wp:term":[{"taxonomy":"category","embeddable":true,"href":"https:\/\/infotorrent.es\/ca\/wp-json\/wp\/v2\/categories?post=12219"},{"taxonomy":"post_tag","embeddable":true,"href":"https:\/\/infotorrent.es\/ca\/wp-json\/wp\/v2\/tags?post=12219"}],"curies":[{"name":"wp","href":"https:\/\/api.w.org\/{rel}","templated":true}]}}