{"id":12215,"date":"2019-10-30T08:35:25","date_gmt":"2019-10-30T08:35:25","guid":{"rendered":"https:\/\/infotorrent.es\/uncategorized\/ledifici-metro-de-torrent-sillumina-de-taronja-pel-dia-del-tdah\/"},"modified":"2019-10-30T08:33:21","modified_gmt":"2019-10-30T08:33:21","slug":"ledifici-metro-de-torrent-sillumina-de-taronja-pel-dia-del-tdah","status":"publish","type":"post","link":"https:\/\/infotorrent.es\/ca\/noticies\/ledifici-metro-de-torrent-sillumina-de-taronja-pel-dia-del-tdah\/","title":{"rendered":"L&#8217;edifici Metro de Torrent s&#8217;il\u00b7lumina de taronja pel Dia del TDAH"},"content":{"rendered":"<p style=\"text-align: justify;\">La ciutat de Torrent es va unir, diumenge 27 d&#8217;octubre, a la celebraci\u00f3 del Dia del Trastorn per D\u00e8ficit d&#8217;Atenci\u00f3 i Hiperactivitat a Espanya i l&#8217;edifici Metro es va il\u00b7luminar de color taronja, per a visibilitzar i conscienciar sobre el TDAH. Les associacions Neurodes i ASOFA es van reunir en la pla\u00e7a Uni\u00f3 Musical i van instal\u00b7lar una taula informativa, acompanyats pel regidor d&#8217;Atenci\u00f3 a les Persones, Jos\u00e9 Antonio Castillejo, van llegir un manifest per la normalitzaci\u00f3 de les persones amb TDAH i la seua integraci\u00f3 social.<\/p>\n<p><img fetchpriority=\"high\" decoding=\"async\" class=\"size-full wp-image-33145 aligncenter\" src=\"https:\/\/www.infotorrent.es\/wp-content\/uploads\/2019\/10\/TDAH-2.jpg\" alt=\"\" width=\"667\" height=\"500\" \/><\/p>\n","protected":false},"excerpt":{"rendered":"<p>La ciutat de Torrent es va unir, diumenge 27 d&#8217;octubre, a la celebraci\u00f3 del Dia del Trastorn per D\u00e8ficit d&#8217;Atenci\u00f3 i Hiperactivitat a Espanya i l&#8217;edifici Metro es va il\u00b7luminar de color taronja, per a visibilitzar i conscienciar sobre el TDAH. Les associacions Neurodes i ASOFA es van reunir en la pla\u00e7a Uni\u00f3 Musical i [&hellip;]<\/p>\n","protected":false},"author":3,"featured_media":12217,"comment_status":"closed","ping_status":"open","sticky":false,"template":"","format":"standard","meta":{"_acf_changed":false,"footnotes":""},"categories":[122,116],"tags":[587],"class_list":["post-12215","post","type-post","status-publish","format-standard","has-post-thumbnail","hentry","category-benestar-social","category-noticies","tag-tdah"],"acf":[],"_links":{"self":[{"href":"https:\/\/infotorrent.es\/ca\/wp-json\/wp\/v2\/posts\/12215","targetHints":{"allow":["GET"]}}],"collection":[{"href":"https:\/\/infotorrent.es\/ca\/wp-json\/wp\/v2\/posts"}],"about":[{"href":"https:\/\/infotorrent.es\/ca\/wp-json\/wp\/v2\/types\/post"}],"author":[{"embeddable":true,"href":"https:\/\/infotorrent.es\/ca\/wp-json\/wp\/v2\/users\/3"}],"replies":[{"embeddable":true,"href":"https:\/\/infotorrent.es\/ca\/wp-json\/wp\/v2\/comments?post=12215"}],"version-history":[{"count":0,"href":"https:\/\/infotorrent.es\/ca\/wp-json\/wp\/v2\/posts\/12215\/revisions"}],"wp:featuredmedia":[{"embeddable":true,"href":"https:\/\/infotorrent.es\/ca\/wp-json\/wp\/v2\/media\/12217"}],"wp:attachment":[{"href":"https:\/\/infotorrent.es\/ca\/wp-json\/wp\/v2\/media?parent=12215"}],"wp:term":[{"taxonomy":"category","embeddable":true,"href":"https:\/\/infotorrent.es\/ca\/wp-json\/wp\/v2\/categories?post=12215"},{"taxonomy":"post_tag","embeddable":true,"href":"https:\/\/infotorrent.es\/ca\/wp-json\/wp\/v2\/tags?post=12215"}],"curies":[{"name":"wp","href":"https:\/\/api.w.org\/{rel}","templated":true}]}}