{"id":12203,"date":"2019-10-28T15:00:33","date_gmt":"2019-10-28T15:00:33","guid":{"rendered":"https:\/\/infotorrent.es\/uncategorized\/torrent-inaugura-un-monolit-en-honor-a-laura-vicuna\/"},"modified":"2019-10-28T15:04:52","modified_gmt":"2019-10-28T15:04:52","slug":"torrent-inaugura-un-monolit-en-honor-a-laura-vicuna","status":"publish","type":"post","link":"https:\/\/infotorrent.es\/ca\/noticies\/torrent-inaugura-un-monolit-en-honor-a-laura-vicuna\/","title":{"rendered":"Torrent inaugura un mon\u00f2lit en honor a Laura Vicu\u00f1a"},"content":{"rendered":"<p>La comunitat salesiana va assistir a aquest acte al parc del carrer Sant Mar\u00eda Mazzarello que ret homenatge a la beata<\/p>\n<p>Emmarcat en les activitats programades per a celebrar el centenari de l&#8217;arribada de les Filles de Mar\u00eda Auxiliadora a Torrent, l&#8217;Ajuntament va inaugurar diumenge passat un mon\u00f2lit en honor a Laura Vicu\u00f1a al parc del carrer Sant Mar\u00eda Mazzarello.<\/p>\n<p><img fetchpriority=\"high\" decoding=\"async\" class=\"wp-image-33055 aligncenter\" src=\"https:\/\/www.infotorrent.es\/wp-content\/uploads\/2019\/10\/Laura-Vicu\u00f1a-2-Copy.jpg\" alt=\"\" width=\"694\" height=\"459\" \/><\/p>\n<p>En l&#8217;acte, que va ser condu\u00eft per Concha Pons, presidenta d&#8217;antigues alumnes, va participar la directora de la comunitat de salesianes, Blanca Polo, i Esmeralda, una xica que en la seua adolesc\u00e8ncia va tindre problemes familiars i que va decidir anar al centre, on es va sentir acolliment i \u201cencara que els problemes eren els mateixos, la motxilla que portava pesava menys gr\u00e0cies al suport que vaig rebre\u201d. Hui dia, la jove \u00e9s mare d&#8217;un xiquet i treballa en un menjador escolar.<\/p>\n<p>L&#8217;alcalde Jes\u00fas Ros no va voler perdre&#8217;s aquesta cita tan important per a homenatjar una persona \u201cque mereix tot el nostre reconeixement perqu\u00e8 va treballar per Torrent i per les persones que necessitaven suport i, sobretot, perqu\u00e8 hui dia continua estant present en l&#8217;esperit de la Fundaci\u00f3 que realitza una gran labor entre molts joves\u201d<\/p>\n<p><img decoding=\"async\" class=\"wp-image-33057 aligncenter\" src=\"https:\/\/www.infotorrent.es\/wp-content\/uploads\/2019\/10\/Laura-Vicu\u00f1a-3-Copy.jpg\" alt=\"\" width=\"747\" height=\"486\" \/><\/p>\n<p>.<\/p>\n<p>Durant la inauguraci\u00f3 es va destacar la lluita pels drets dels m\u00e9s pobres, especialment de les dones que va dur a terme la beata Laura Vicu\u00f1a. Tamb\u00e9 es va fer refer\u00e8ncia a la posada en marxa a l&#8217;escola Mar\u00eda Auxiliadora i la fundaci\u00f3 amb el mateix nom, que t\u00e9 m\u00e9s de 644 usuaris i usu\u00e0ries, 23 persones treballadores i 17 persones volunt\u00e0ries.<\/p>\n<p>La jornada es va completar amb una recreaci\u00f3 del que va ser un Oratori que Don Bosco va dur a terme durant la seua missi\u00f3 pels carrers de Tor\u00ed; una conviv\u00e8ncia de jocs tradicionals per als xiquets i xiquetes, com contacontes, pintacares o ball, etc.<\/p>\n<p>&nbsp;<\/p>\n<p><img decoding=\"async\" class=\"wp-image-33059 aligncenter\" src=\"https:\/\/www.infotorrent.es\/wp-content\/uploads\/2019\/10\/Laura-Vicu\u00f1a-4-Copy.jpg\" alt=\"\" width=\"882\" height=\"496\" \/><\/p>\n","protected":false},"excerpt":{"rendered":"<p>La comunitat salesiana va assistir a aquest acte al parc del carrer Sant Mar\u00eda Mazzarello que ret homenatge a la beata Emmarcat en les activitats programades per a celebrar el centenari de l&#8217;arribada de les Filles de Mar\u00eda Auxiliadora a Torrent, l&#8217;Ajuntament va inaugurar diumenge passat un mon\u00f2lit en honor a Laura Vicu\u00f1a al parc [&hellip;]<\/p>\n","protected":false},"author":2,"featured_media":12205,"comment_status":"closed","ping_status":"open","sticky":false,"template":"","format":"standard","meta":{"_acf_changed":false,"footnotes":""},"categories":[117,127,116],"tags":[236],"class_list":["post-12203","post","type-post","status-publish","format-standard","has-post-thumbnail","hentry","category-cultura","category-noticias-2","category-noticies","tag-ajuntament-de-torrent"],"acf":[],"_links":{"self":[{"href":"https:\/\/infotorrent.es\/ca\/wp-json\/wp\/v2\/posts\/12203","targetHints":{"allow":["GET"]}}],"collection":[{"href":"https:\/\/infotorrent.es\/ca\/wp-json\/wp\/v2\/posts"}],"about":[{"href":"https:\/\/infotorrent.es\/ca\/wp-json\/wp\/v2\/types\/post"}],"author":[{"embeddable":true,"href":"https:\/\/infotorrent.es\/ca\/wp-json\/wp\/v2\/users\/2"}],"replies":[{"embeddable":true,"href":"https:\/\/infotorrent.es\/ca\/wp-json\/wp\/v2\/comments?post=12203"}],"version-history":[{"count":0,"href":"https:\/\/infotorrent.es\/ca\/wp-json\/wp\/v2\/posts\/12203\/revisions"}],"wp:featuredmedia":[{"embeddable":true,"href":"https:\/\/infotorrent.es\/ca\/wp-json\/wp\/v2\/media\/12205"}],"wp:attachment":[{"href":"https:\/\/infotorrent.es\/ca\/wp-json\/wp\/v2\/media?parent=12203"}],"wp:term":[{"taxonomy":"category","embeddable":true,"href":"https:\/\/infotorrent.es\/ca\/wp-json\/wp\/v2\/categories?post=12203"},{"taxonomy":"post_tag","embeddable":true,"href":"https:\/\/infotorrent.es\/ca\/wp-json\/wp\/v2\/tags?post=12203"}],"curies":[{"name":"wp","href":"https:\/\/api.w.org\/{rel}","templated":true}]}}