{"id":12193,"date":"2019-10-25T07:46:44","date_gmt":"2019-10-25T07:46:44","guid":{"rendered":"https:\/\/infotorrent.es\/uncategorized\/la-fira-de-tardor-dadisto-omplira-dalegria-la-placa-de-la-unio-musical\/"},"modified":"2019-10-25T07:39:05","modified_gmt":"2019-10-25T07:39:05","slug":"la-fira-de-tardor-dadisto-omplira-dalegria-la-placa-de-la-unio-musical","status":"publish","type":"post","link":"https:\/\/infotorrent.es\/ca\/noticies\/la-fira-de-tardor-dadisto-omplira-dalegria-la-placa-de-la-unio-musical\/","title":{"rendered":"La Fira de Tardor d&#8217;ADISTO omplir\u00e0 d&#8217;alegria la pla\u00e7a de la Uni\u00f3 Musical"},"content":{"rendered":"<p style=\"text-align: justify;\"><strong>L&#8217;agenda del cap de setmana es completa amb activitats musicals, esportives i solid\u00e0ries<\/strong><\/p>\n<p style=\"text-align: justify;\">Els torrentins i torrentines no pararan a casa aquest cap de setmana perqu\u00e8 els espera una agenda repleta d&#8217;activitats per a totes les edats. La pla\u00e7a de la Uni\u00f3 Musical es converteix, un any m\u00e9s, en un escenari d&#8217;alegria, jocs i diversi\u00f3 amb la Fira de Tardor, organitzada pels xics i xiques de l&#8217;associaci\u00f3 d&#8217;ADISTO. El p\u00fablic podr\u00e0 gaudir de pintacares, <em>karaoke<\/em>, tallers i moltes sorpreses m\u00e9s. Diumenge de 10 a 14 h.<\/p>\n<p style=\"text-align: justify;\"><strong>Fira Persones Majors<\/strong><br \/>\nPer a donar a con\u00e9ixer els serveis que tenen les persones majors de Torent, aquest divendres, el segon tram de l&#8217;Avinguda Al Vedat s&#8217;omplir\u00e0 de festa amb la Fira de les Persones Majors, que inclour\u00e0 \u00a0estands informatius, activitats, animacions de pallassos, projecci\u00f3 d&#8217;audiovisuals: Majors actius i una passarel\u00b7la de moda i pentinats.<\/p>\n<p style=\"text-align: justify;\">A les 17 h, el p\u00fablic infantil podr\u00e0 gaudir tamb\u00e9 de la fira amb el taller intergeneracional de manualitats d&#8217;Halloween, on els xiquets i xiquetes (acompanyats d&#8217;una persona adulta) podran crear diferents dissenys inspirats en la tamb\u00e9 coneguda com la Nit de Bruixes. Per a finalitzar el fant\u00e0stic dia, el Grup de Ball de Torrent \u00a0amb un espectacle de folklore a les 19 h.<\/p>\n<p style=\"text-align: justify;\"><strong>Ruta per Safranar<\/strong><br \/>\nDissabte comen\u00e7ar\u00e0 el dia amb una eixida pr\u00e0ctica per Safranar, un observatori ciutad\u00e0 per l&#8217;horta per a con\u00e9ixer tots els secrets d&#8217;aquests espais naturals. El punt de trobada \u00e9s a les 9 h en el Museu Comarcal.<\/p>\n<p style=\"text-align: justify;\"><strong>M\u00fasica i solidaritat<\/strong><br \/>\nLa parr\u00f2quia de la Sagrada Fam\u00edlia acull el Certamen de marxes processionals a benefici de C\u00e1ritas. A les 18 h.<\/p>\n<p style=\"text-align: justify;\">Les activitats solid\u00e0ries continuen el diumenge a les 11 h amb la celebraci\u00f3 del Dia de Fraternitat, una jornada organitzada per la germandad Ecce \u2013Homo que tindr\u00e0 lloc en la pla\u00e7a Sant Roc. Al llarg de tota la jornada es realitzaran diferents actes, els beneficis dels quals aniran tamb\u00e9 dirigits a C\u00e1ritas.<\/p>\n<p style=\"text-align: justify;\">Una altra proposta musical arriba de la m\u00e0 de la Jove Orquestra i la seua Banda Juvenil de la Uni\u00f3 Musical de Torrent, que el diumenge a les 11.30 h en l&#8217;Auditori delectar\u00e0 amb un meravell\u00f3s concert en benefici de Casa Caridad. Concretament, per a l&#8217;Escola Infantil de Torrent, que compta amb xiquets i xiquetes de 0 a 3 anys en risc d&#8217;exclusi\u00f3 social.<\/p>\n<p style=\"text-align: justify;\"><strong>Festa d&#8217;associacions<\/strong><br \/>\nL&#8217;Associaci\u00f3 de Ve\u00efns Nicol\u00e1s Andreu celebra el seu 40 aniversari aquest cap de setmana. Mitjan\u00e7ant una festa a les 13.30 h, els ve\u00efns i ve\u00efnes passaran una agradable jornada de conviv\u00e8ncia.<\/p>\n<p style=\"text-align: justify;\"><strong>Nova pla\u00e7a<\/strong><br \/>\nLa inauguraci\u00f3 de la nova pla\u00e7a Parc Laura Vicu\u00f1a \u00e9s un dels punts forts de l&#8217;agenda del cap de setmana. A les 11 h es realitzar\u00e0 un acte en homenatge a Laura Vicu\u00f1a en aquest lloc que compta amb activitats perqu\u00e8 els xiquets i xiquetes puguen jugar.<\/p>\n<p style=\"text-align: justify;\"><strong>Presentaci\u00f3 del Montsi\u00f3<\/strong><br \/>\nEn l&#8217;\u00e0mbit esportiu, l&#8217;equip Montsi\u00f3 presentar\u00e0 als seus jugadors i jugadores per a la temporada 2019 \u2013 2020 en un acte que, cada any, reuneix familiars i amics. El divendres a les 19.30 h en les instal\u00b7lacions de Parc Central.<\/p>\n","protected":false},"excerpt":{"rendered":"<p>L&#8217;agenda del cap de setmana es completa amb activitats musicals, esportives i solid\u00e0ries Els torrentins i torrentines no pararan a casa aquest cap de setmana perqu\u00e8 els espera una agenda repleta d&#8217;activitats per a totes les edats. La pla\u00e7a de la Uni\u00f3 Musical es converteix, un any m\u00e9s, en un escenari d&#8217;alegria, jocs i diversi\u00f3 [&hellip;]<\/p>\n","protected":false},"author":3,"featured_media":1137,"comment_status":"closed","ping_status":"open","sticky":false,"template":"","format":"standard","meta":{"_acf_changed":false,"footnotes":""},"categories":[126,116],"tags":[328],"class_list":["post-12193","post","type-post","status-publish","format-standard","has-post-thumbnail","hentry","category-cultura-es-2","category-noticies","tag-cap-de-setmana"],"acf":[],"_links":{"self":[{"href":"https:\/\/infotorrent.es\/ca\/wp-json\/wp\/v2\/posts\/12193","targetHints":{"allow":["GET"]}}],"collection":[{"href":"https:\/\/infotorrent.es\/ca\/wp-json\/wp\/v2\/posts"}],"about":[{"href":"https:\/\/infotorrent.es\/ca\/wp-json\/wp\/v2\/types\/post"}],"author":[{"embeddable":true,"href":"https:\/\/infotorrent.es\/ca\/wp-json\/wp\/v2\/users\/3"}],"replies":[{"embeddable":true,"href":"https:\/\/infotorrent.es\/ca\/wp-json\/wp\/v2\/comments?post=12193"}],"version-history":[{"count":0,"href":"https:\/\/infotorrent.es\/ca\/wp-json\/wp\/v2\/posts\/12193\/revisions"}],"wp:featuredmedia":[{"embeddable":true,"href":"https:\/\/infotorrent.es\/ca\/wp-json\/wp\/v2\/media\/1137"}],"wp:attachment":[{"href":"https:\/\/infotorrent.es\/ca\/wp-json\/wp\/v2\/media?parent=12193"}],"wp:term":[{"taxonomy":"category","embeddable":true,"href":"https:\/\/infotorrent.es\/ca\/wp-json\/wp\/v2\/categories?post=12193"},{"taxonomy":"post_tag","embeddable":true,"href":"https:\/\/infotorrent.es\/ca\/wp-json\/wp\/v2\/tags?post=12193"}],"curies":[{"name":"wp","href":"https:\/\/api.w.org\/{rel}","templated":true}]}}