{"id":12186,"date":"2019-10-23T13:18:27","date_gmt":"2019-10-23T13:18:27","guid":{"rendered":"https:\/\/infotorrent.es\/uncategorized\/el-grup-de-ball-de-torrent-homenatja-les-persones-majors\/"},"modified":"2019-10-23T13:21:51","modified_gmt":"2019-10-23T13:21:51","slug":"el-grup-de-ball-de-torrent-homenatja-les-persones-majors","status":"publish","type":"post","link":"https:\/\/infotorrent.es\/ca\/noticies\/el-grup-de-ball-de-torrent-homenatja-les-persones-majors\/","title":{"rendered":"El Grup de Ball de Torrent homenatja les persones majors"},"content":{"rendered":"<p>Dissabte passat, el centre de majors Mare de D\u00e9u de l&#8217;Olivar va acollir l&#8217;espectacle del Grup de Ball de Torrent \u201cRetrobem la nostra m\u00fasica\u201d, una actuaci\u00f3 amb la qual es va homenatjar els majors de la ciutat. Es tracta d&#8217;una iniciativa a trav\u00e9s de la qual l&#8217;associaci\u00f3 posa en valor la difusi\u00f3 de la cultura i la indument\u00e0ria valenciana per a donar a con\u00e9ixer les tradicions entre els majors i els m\u00e9s xicotets. A l&#8217;acte no va voler faltar el regidor d&#8217;Atenci\u00f3 a les Persones, Jose Antonio Castillejo, i va tindre com a convidada d&#8217;honor a Amparo Cruz, elegida alcaldessa major de l&#8217;any en el Dia Internacional de les Persones Majors de 2019.<\/p>\n<p><img fetchpriority=\"high\" decoding=\"async\" class=\"size-full wp-image-32789 aligncenter\" src=\"https:\/\/www.infotorrent.es\/wp-content\/uploads\/2019\/10\/Grup_Majors1-1.jpg\" alt=\"\" width=\"695\" height=\"452\" \/><\/p>\n","protected":false},"excerpt":{"rendered":"<p>Dissabte passat, el centre de majors Mare de D\u00e9u de l&#8217;Olivar va acollir l&#8217;espectacle del Grup de Ball de Torrent \u201cRetrobem la nostra m\u00fasica\u201d, una actuaci\u00f3 amb la qual es va homenatjar els majors de la ciutat. Es tracta d&#8217;una iniciativa a trav\u00e9s de la qual l&#8217;associaci\u00f3 posa en valor la difusi\u00f3 de la cultura [&hellip;]<\/p>\n","protected":false},"author":3,"featured_media":12188,"comment_status":"closed","ping_status":"open","sticky":false,"template":"","format":"standard","meta":{"_acf_changed":false,"footnotes":""},"categories":[122,116],"tags":[1015],"class_list":["post-12186","post","type-post","status-publish","format-standard","has-post-thumbnail","hentry","category-benestar-social","category-noticies","tag-concert-persones-majors"],"acf":[],"_links":{"self":[{"href":"https:\/\/infotorrent.es\/ca\/wp-json\/wp\/v2\/posts\/12186","targetHints":{"allow":["GET"]}}],"collection":[{"href":"https:\/\/infotorrent.es\/ca\/wp-json\/wp\/v2\/posts"}],"about":[{"href":"https:\/\/infotorrent.es\/ca\/wp-json\/wp\/v2\/types\/post"}],"author":[{"embeddable":true,"href":"https:\/\/infotorrent.es\/ca\/wp-json\/wp\/v2\/users\/3"}],"replies":[{"embeddable":true,"href":"https:\/\/infotorrent.es\/ca\/wp-json\/wp\/v2\/comments?post=12186"}],"version-history":[{"count":0,"href":"https:\/\/infotorrent.es\/ca\/wp-json\/wp\/v2\/posts\/12186\/revisions"}],"wp:featuredmedia":[{"embeddable":true,"href":"https:\/\/infotorrent.es\/ca\/wp-json\/wp\/v2\/media\/12188"}],"wp:attachment":[{"href":"https:\/\/infotorrent.es\/ca\/wp-json\/wp\/v2\/media?parent=12186"}],"wp:term":[{"taxonomy":"category","embeddable":true,"href":"https:\/\/infotorrent.es\/ca\/wp-json\/wp\/v2\/categories?post=12186"},{"taxonomy":"post_tag","embeddable":true,"href":"https:\/\/infotorrent.es\/ca\/wp-json\/wp\/v2\/tags?post=12186"}],"curies":[{"name":"wp","href":"https:\/\/api.w.org\/{rel}","templated":true}]}}