{"id":12175,"date":"2019-10-23T06:57:27","date_gmt":"2019-10-23T06:57:27","guid":{"rendered":"https:\/\/infotorrent.es\/uncategorized\/el-consell-de-xiquets-i-xiquetes-de-torrent-visita-casa-de-la-dona\/"},"modified":"2019-10-23T06:49:01","modified_gmt":"2019-10-23T06:49:01","slug":"el-consell-de-xiquets-i-xiquetes-de-torrent-visita-casa-de-la-dona","status":"publish","type":"post","link":"https:\/\/infotorrent.es\/ca\/noticies\/el-consell-de-xiquets-i-xiquetes-de-torrent-visita-casa-de-la-dona\/","title":{"rendered":"El Consell de xiquets i xiquetes de Torrent visita Casa de la D\u00f3na"},"content":{"rendered":"<p style=\"text-align: justify;\">Una representaci\u00f3 del consell de xiquets i xiquetes de Torrent va visitar ahir a la vesprada la Casa de la D\u00f3na per a con\u00e8ixer les iniciatives municipals en mat\u00e8ria d&#8217;igualtat entre homes i dones. La t\u00e8cnica Ana Roca de Casa de la D\u00f3na va respondre a totes les preguntes plantejades que, pr\u00e8viament, havien preparat tots els xiquets i xiquetes del Consell. Aquest equip est\u00e0 format per portaveus de l&#8217;opini\u00f3 d&#8217;altres xiquets i xiquetes de la ciutat, comptant amb el treball amb associacions que desenvolupen una gran labor amb menors i la col\u00b7laboraci\u00f3 de col\u00b7legis de Torrent.<\/p>\n","protected":false},"excerpt":{"rendered":"<p>Una representaci\u00f3 del consell de xiquets i xiquetes de Torrent va visitar ahir a la vesprada la Casa de la D\u00f3na per a con\u00e8ixer les iniciatives municipals en mat\u00e8ria d&#8217;igualtat entre homes i dones. La t\u00e8cnica Ana Roca de Casa de la D\u00f3na va respondre a totes les preguntes plantejades que, pr\u00e8viament, havien preparat tots [&hellip;]<\/p>\n","protected":false},"author":6,"featured_media":1137,"comment_status":"closed","ping_status":"open","sticky":false,"template":"","format":"standard","meta":{"_acf_changed":false,"footnotes":""},"categories":[121,116],"tags":[259],"class_list":["post-12175","post","type-post","status-publish","format-standard","has-post-thumbnail","hentry","category-educacio","category-noticies","tag-ajuntament-de-torrenttorrent"],"acf":[],"_links":{"self":[{"href":"https:\/\/infotorrent.es\/ca\/wp-json\/wp\/v2\/posts\/12175","targetHints":{"allow":["GET"]}}],"collection":[{"href":"https:\/\/infotorrent.es\/ca\/wp-json\/wp\/v2\/posts"}],"about":[{"href":"https:\/\/infotorrent.es\/ca\/wp-json\/wp\/v2\/types\/post"}],"author":[{"embeddable":true,"href":"https:\/\/infotorrent.es\/ca\/wp-json\/wp\/v2\/users\/6"}],"replies":[{"embeddable":true,"href":"https:\/\/infotorrent.es\/ca\/wp-json\/wp\/v2\/comments?post=12175"}],"version-history":[{"count":0,"href":"https:\/\/infotorrent.es\/ca\/wp-json\/wp\/v2\/posts\/12175\/revisions"}],"wp:featuredmedia":[{"embeddable":true,"href":"https:\/\/infotorrent.es\/ca\/wp-json\/wp\/v2\/media\/1137"}],"wp:attachment":[{"href":"https:\/\/infotorrent.es\/ca\/wp-json\/wp\/v2\/media?parent=12175"}],"wp:term":[{"taxonomy":"category","embeddable":true,"href":"https:\/\/infotorrent.es\/ca\/wp-json\/wp\/v2\/categories?post=12175"},{"taxonomy":"post_tag","embeddable":true,"href":"https:\/\/infotorrent.es\/ca\/wp-json\/wp\/v2\/tags?post=12175"}],"curies":[{"name":"wp","href":"https:\/\/api.w.org\/{rel}","templated":true}]}}