{"id":12149,"date":"2019-10-17T13:41:56","date_gmt":"2019-10-17T13:41:56","guid":{"rendered":"https:\/\/infotorrent.es\/uncategorized\/l-auditori-es-vist-de-gala-per-a-exaltar-a-les-falleres-majors-de-torrent\/"},"modified":"2019-10-17T13:36:05","modified_gmt":"2019-10-17T13:36:05","slug":"l-auditori-es-vist-de-gala-per-a-exaltar-a-les-falleres-majors-de-torrent","status":"publish","type":"post","link":"https:\/\/infotorrent.es\/ca\/noticies\/l-auditori-es-vist-de-gala-per-a-exaltar-a-les-falleres-majors-de-torrent\/","title":{"rendered":"L&#8217; Auditori es vist de gala per a exaltar a les falleres majors de Torrent"},"content":{"rendered":"<p>El mercat ambulant de l&#8217;Associaci\u00f3 de Ve\u00efns El Vedat, la visita al Parc Natural de la la Pobla de Sant Miquel i les activitats musicals completen el programa del cap de setmana<\/p>\n<p>Els fallers i falleres estan d&#8217;enhorabona perqu\u00e8 aquest cap de setmana tenen una cita per a exaltar a les falleres majors de Torrent de 2020. L&#8217; Auditori es converteix en l&#8217;escenari de l&#8217;inici d&#8217;un any carregat de bons moments per a Alicia Pallard\u00f3 Benavent i Sandra Peris Embuena, que al costat de les seues corts d&#8217;honor, rebran la joia i la banda que les acredita com les m\u00e0ximes representants de les pr\u00f2ximes festes josefinas. El dissabte a la vesprada, a partir de les 18.30 h, Alicia ser\u00e0 la protagonista d&#8217;una vesprada inoblidable i que quedar\u00e0 en el seu record per sempre. Per part seua, el diumenge a partir de les 11 h ser\u00e0 el torn per a exaltar a Sandra en un acte on la fantasia i la il\u00b7lusi\u00f3 estaran molt presents.<\/p>\n<p>Concerts<br \/>\nEls apassionats de la m\u00fasica tenen aquest cap de setmana una programaci\u00f3 repleta de concerts. El dissabte a la vesprada, el Grup de Ball de Torrent realitzar\u00e0 un homenatge a les persones majors; un esdeveniment que donar\u00e0 inici a les 17 h en el Centre Verge de l&#8217;Olivar.<\/p>\n<p>Una altra proposta arriba de la m\u00e0 de la Uni\u00f3 Musical, concretament de la Coral Polif\u00f2nica, que organitzen un concert per a commemorar el 50 aniversari de la parr\u00f2quia de la Sagrada Fam\u00edlia. El dissabte a les 20.15 h en la pr\u00f2pia esgl\u00e9sia.<\/p>\n<p>Comprar i vendre<br \/>\nL&#8217;Associaci\u00f3 de Ve\u00efns El Vedat represa una activitat que va ser tot un \u00e8xit en la seua primera edici\u00f3: II mercat ambulant de segona m\u00e0. El carrer Font de San Lluis es convertir\u00e0 en una via comercial, on els ve\u00efns i ve\u00efnes poden vendre tots els objectes i productes que tinguen per casa i que jo no utilitzen com a roba, complements, llibres i molts articles m\u00e9s. El dissabte de 10 a 13.30 h.<\/p>\n<p>Voluntariat Verd<br \/>\nDes del Centre Ambiental El Vedat, els torrentins i torrentines poden gaudir i visitar d&#8217;una eixida al Parc Natural de la la Pobla de Sant Miquel i el conjunt de savines mil\u00b7len\u00e0ries, conegudes com Els Blanques. A les 8 h, des del centre, eixir\u00e0 un autob\u00fas per a dirigir-se fins a aquest paratge on es realitzar\u00e0 una ruta d&#8217;uns 10 km (5 d&#8217;anada i 5 de tornada) en un cam\u00ed de desnivell de 850 metres.<\/p>\n<p>Germandats torrentines<br \/>\nEl diumenge al mat\u00ed, la germanor Jes\u00fas de Medinaceli visitar\u00e0 la Torre en una jornada cultural i social que han preparat. A continuaci\u00f3, es clausurar\u00e0 l&#8217;exposici\u00f3 fotogr\u00e0fica de la Setmana Santa de Torrent, on es poden veure unes 200 instant\u00e0nies. Finalment, el p\u00fablic assistent gaudir\u00e0 de la xarrada col\u00b7loqui impartida per Albert Ses\u00e9, que tindr\u00e0 lloc a la Casa de la Cultura a les 13 h.<\/p>\n<p>&nbsp;<\/p>\n","protected":false},"excerpt":{"rendered":"<p>El mercat ambulant de l&#8217;Associaci\u00f3 de Ve\u00efns El Vedat, la visita al Parc Natural de la la Pobla de Sant Miquel i les activitats musicals completen el programa del cap de setmana Els fallers i falleres estan d&#8217;enhorabona perqu\u00e8 aquest cap de setmana tenen una cita per a exaltar a les falleres majors de Torrent [&hellip;]<\/p>\n","protected":false},"author":2,"featured_media":1137,"comment_status":"closed","ping_status":"open","sticky":false,"template":"","format":"standard","meta":{"_acf_changed":false,"footnotes":""},"categories":[126,116],"tags":[],"class_list":["post-12149","post","type-post","status-publish","format-standard","has-post-thumbnail","hentry","category-cultura-es-2","category-noticies"],"acf":[],"_links":{"self":[{"href":"https:\/\/infotorrent.es\/ca\/wp-json\/wp\/v2\/posts\/12149","targetHints":{"allow":["GET"]}}],"collection":[{"href":"https:\/\/infotorrent.es\/ca\/wp-json\/wp\/v2\/posts"}],"about":[{"href":"https:\/\/infotorrent.es\/ca\/wp-json\/wp\/v2\/types\/post"}],"author":[{"embeddable":true,"href":"https:\/\/infotorrent.es\/ca\/wp-json\/wp\/v2\/users\/2"}],"replies":[{"embeddable":true,"href":"https:\/\/infotorrent.es\/ca\/wp-json\/wp\/v2\/comments?post=12149"}],"version-history":[{"count":0,"href":"https:\/\/infotorrent.es\/ca\/wp-json\/wp\/v2\/posts\/12149\/revisions"}],"wp:featuredmedia":[{"embeddable":true,"href":"https:\/\/infotorrent.es\/ca\/wp-json\/wp\/v2\/media\/1137"}],"wp:attachment":[{"href":"https:\/\/infotorrent.es\/ca\/wp-json\/wp\/v2\/media?parent=12149"}],"wp:term":[{"taxonomy":"category","embeddable":true,"href":"https:\/\/infotorrent.es\/ca\/wp-json\/wp\/v2\/categories?post=12149"},{"taxonomy":"post_tag","embeddable":true,"href":"https:\/\/infotorrent.es\/ca\/wp-json\/wp\/v2\/tags?post=12149"}],"curies":[{"name":"wp","href":"https:\/\/api.w.org\/{rel}","templated":true}]}}