{"id":12126,"date":"2019-10-11T09:53:03","date_gmt":"2019-10-11T09:53:03","guid":{"rendered":"https:\/\/infotorrent.es\/uncategorized\/les-persones-majors-de-torrent-debaten-sobre-cinema-i-publicitat-amb-laula-de-formacio-permanent\/"},"modified":"2019-10-11T09:49:55","modified_gmt":"2019-10-11T09:49:55","slug":"les-persones-majors-de-torrent-debaten-sobre-cinema-i-publicitat-amb-laula-de-formacio-permanent","status":"publish","type":"post","link":"https:\/\/infotorrent.es\/ca\/noticies\/les-persones-majors-de-torrent-debaten-sobre-cinema-i-publicitat-amb-laula-de-formacio-permanent\/","title":{"rendered":"Les persones majors de Torrent debaten sobre cinema i publicitat amb l&#8217;Aula de formaci\u00f3 permanent"},"content":{"rendered":"<p>Les persones majors de Torrent han iniciat la nova programaci\u00f3 de l&#8217;Aula de formaci\u00f3 permanent, que en aquest quadrimestre est\u00e0 formada per 38 alumnes i alumnes; un n\u00famero que s&#8217;ha incrementat respecte als anteriors anys a causa de l&#8217;augment de l&#8217;oferta formativa. El programa ha comen\u00e7at amb el bloc de &#8220;Majors en els mitjans de comunicaci\u00f3&#8221;, que versa sobre les persones majors i est\u00e0 dedicat al cinema i a la publicitat.<\/p>\n","protected":false},"excerpt":{"rendered":"<p>Les persones majors de Torrent han iniciat la nova programaci\u00f3 de l&#8217;Aula de formaci\u00f3 permanent, que en aquest quadrimestre est\u00e0 formada per 38 alumnes i alumnes; un n\u00famero que s&#8217;ha incrementat respecte als anteriors anys a causa de l&#8217;augment de l&#8217;oferta formativa. El programa ha comen\u00e7at amb el bloc de &#8220;Majors en els mitjans de [&hellip;]<\/p>\n","protected":false},"author":4,"featured_media":1137,"comment_status":"closed","ping_status":"open","sticky":false,"template":"","format":"standard","meta":{"_acf_changed":false,"footnotes":""},"categories":[122,116],"tags":[1003],"class_list":["post-12126","post","type-post","status-publish","format-standard","has-post-thumbnail","hentry","category-benestar-social","category-noticies","tag-majors-de-torrentmare-de-deu-de-lolivar"],"acf":[],"_links":{"self":[{"href":"https:\/\/infotorrent.es\/ca\/wp-json\/wp\/v2\/posts\/12126","targetHints":{"allow":["GET"]}}],"collection":[{"href":"https:\/\/infotorrent.es\/ca\/wp-json\/wp\/v2\/posts"}],"about":[{"href":"https:\/\/infotorrent.es\/ca\/wp-json\/wp\/v2\/types\/post"}],"author":[{"embeddable":true,"href":"https:\/\/infotorrent.es\/ca\/wp-json\/wp\/v2\/users\/4"}],"replies":[{"embeddable":true,"href":"https:\/\/infotorrent.es\/ca\/wp-json\/wp\/v2\/comments?post=12126"}],"version-history":[{"count":0,"href":"https:\/\/infotorrent.es\/ca\/wp-json\/wp\/v2\/posts\/12126\/revisions"}],"wp:featuredmedia":[{"embeddable":true,"href":"https:\/\/infotorrent.es\/ca\/wp-json\/wp\/v2\/media\/1137"}],"wp:attachment":[{"href":"https:\/\/infotorrent.es\/ca\/wp-json\/wp\/v2\/media?parent=12126"}],"wp:term":[{"taxonomy":"category","embeddable":true,"href":"https:\/\/infotorrent.es\/ca\/wp-json\/wp\/v2\/categories?post=12126"},{"taxonomy":"post_tag","embeddable":true,"href":"https:\/\/infotorrent.es\/ca\/wp-json\/wp\/v2\/tags?post=12126"}],"curies":[{"name":"wp","href":"https:\/\/api.w.org\/{rel}","templated":true}]}}