{"id":12119,"date":"2019-10-11T06:39:52","date_gmt":"2019-10-11T06:39:52","guid":{"rendered":"https:\/\/infotorrent.es\/uncategorized\/lajuntament-de-torrent-ofereix-una-xarrada-informativa-per-a-prevenir-laparicio-de-procesionaria\/"},"modified":"2019-10-11T06:34:44","modified_gmt":"2019-10-11T06:34:44","slug":"lajuntament-de-torrent-ofereix-una-xarrada-informativa-per-a-prevenir-laparicio-de-procesionaria","status":"publish","type":"post","link":"https:\/\/infotorrent.es\/ca\/noticies\/lajuntament-de-torrent-ofereix-una-xarrada-informativa-per-a-prevenir-laparicio-de-procesionaria\/","title":{"rendered":"L&#8217;Ajuntament de Torrent ofereix una xarrada informativa per a prevenir l&#8217;aparici\u00f3 de procesionaria"},"content":{"rendered":"<p style=\"text-align: justify;\"><strong>Els propietaris de parcel\u00b7les privades poden sol\u00b7licitar el servei del tractament fins al 25 d&#8217;octubre en les oficines de Nous Espais o telem\u00e0ticament<\/strong><\/p>\n<p style=\"text-align: justify;\">Amb la finalitat de prevenir l&#8217;aparici\u00f3 de plagues de la procesionaria, l&#8217;Ajuntament de Torrent, en col\u00b7laboraci\u00f3 amb l&#8217;AV El Vedat i a trav\u00e9s de l&#8217;empresa municipal Nous Espais, va realitzar el dilluns a la vesprada una xarrada informativa en el local social de l&#8217;associaci\u00f3 de ve\u00efns. D&#8217;aquesta forma, es va oferir tota la informaci\u00f3 necess\u00e0ria sobre el servei que des de **Nous **Espais s&#8217;ofereix als propietaris de parcel\u00b7les privades que el sol\u00b7liciten per a evitar afeccions de procesionaria.<\/p>\n<p style=\"text-align: justify;\"><img fetchpriority=\"high\" decoding=\"async\" class=\"aligncenter wp-image-32234\" src=\"https:\/\/www.infotorrent.es\/wp-content\/uploads\/2019\/10\/AVV-El-Vedat-4.jpeg\" alt=\"\" width=\"700\" height=\"525\" \/><br \/>\nDe la m\u00e0 dels t\u00e8cnics de Nous Espais i dels regidors de Medi Ambient, Francisco Jos\u00e9 Arnau, i de Sanitat, Marina Olivares, es va explicar als ve\u00efns i ve\u00efnes el servei, que consisteix en la realitzaci\u00f3 d&#8217;un tractament preventiu de endoter\u00e1pia. D&#8217;aquesta manera, els pins queden protegits i aix\u00ed s&#8217;evita l&#8217;aparici\u00f3 de les bosses de niu. Despr\u00e9s del proc\u00e9s, els t\u00e8cnics realitzen un seguiment per a comprovar l&#8217;efectivitat i, al mateix temps, fer treballs de retirada si existira algun niu.<\/p>\n<p style=\"text-align: justify;\"><img decoding=\"async\" class=\"aligncenter size-full wp-image-32230\" src=\"https:\/\/www.infotorrent.es\/wp-content\/uploads\/2019\/10\/AVV-El-Vedat-2.jpeg\" alt=\"\" width=\"700\" height=\"525\" \/><br \/>\nDurant la tardor, l&#8217;Ajuntament de Torrent, a trav\u00e9s de l&#8217;empresa municipal Nous Espais, posa en marxa la campanya de control de plagues de la procesionaria per a prevenir la seua aparici\u00f3 en pins de jardins, col\u00b7legis i altres instal\u00b7lacions p\u00fabliques. D&#8217;igual manera, s&#8217;ofereix un servei de tractament als propietaris de parcel\u00b7les privades que el sol\u00b7liciten i evitar afeccions, tant en les pr\u00f2pies propietats com en la via p\u00fablica.<\/p>\n<p>Les sol\u00b7licituds dels particulars es poden descarregar des de la p\u00e0gina web: <a href=\"http:\/\/www.nousespais.es\" target=\"_blank\" rel=\"noopener\">www.nousespais.es<\/a>, on trobaran la informaci\u00f3 complement\u00e0ria, o b\u00e9 arreplegar en les oficines. Fins al 25 d&#8217;octubre es poden presentar les sol\u00b7licituds en les oficines de Nous Espais podent tramitar-se, a m\u00e9s, telem\u00e0ticament.<\/p>\n<p><img decoding=\"async\" class=\"aligncenter size-full wp-image-32228\" src=\"https:\/\/www.infotorrent.es\/wp-content\/uploads\/2019\/10\/AVV-El-Vedat-1.jpeg\" alt=\"\" width=\"700\" height=\"525\" \/><\/p>\n","protected":false},"excerpt":{"rendered":"<p>Els propietaris de parcel\u00b7les privades poden sol\u00b7licitar el servei del tractament fins al 25 d&#8217;octubre en les oficines de Nous Espais o telem\u00e0ticament Amb la finalitat de prevenir l&#8217;aparici\u00f3 de plagues de la procesionaria, l&#8217;Ajuntament de Torrent, en col\u00b7laboraci\u00f3 amb l&#8217;AV El Vedat i a trav\u00e9s de l&#8217;empresa municipal Nous Espais, va realitzar el dilluns [&hellip;]<\/p>\n","protected":false},"author":6,"featured_media":12121,"comment_status":"closed","ping_status":"open","sticky":false,"template":"","format":"standard","meta":{"_acf_changed":false,"footnotes":""},"categories":[119,116],"tags":[259],"class_list":["post-12119","post","type-post","status-publish","format-standard","has-post-thumbnail","hentry","category-medi-ambient","category-noticies","tag-ajuntament-de-torrenttorrent"],"acf":[],"_links":{"self":[{"href":"https:\/\/infotorrent.es\/ca\/wp-json\/wp\/v2\/posts\/12119","targetHints":{"allow":["GET"]}}],"collection":[{"href":"https:\/\/infotorrent.es\/ca\/wp-json\/wp\/v2\/posts"}],"about":[{"href":"https:\/\/infotorrent.es\/ca\/wp-json\/wp\/v2\/types\/post"}],"author":[{"embeddable":true,"href":"https:\/\/infotorrent.es\/ca\/wp-json\/wp\/v2\/users\/6"}],"replies":[{"embeddable":true,"href":"https:\/\/infotorrent.es\/ca\/wp-json\/wp\/v2\/comments?post=12119"}],"version-history":[{"count":0,"href":"https:\/\/infotorrent.es\/ca\/wp-json\/wp\/v2\/posts\/12119\/revisions"}],"wp:featuredmedia":[{"embeddable":true,"href":"https:\/\/infotorrent.es\/ca\/wp-json\/wp\/v2\/media\/12121"}],"wp:attachment":[{"href":"https:\/\/infotorrent.es\/ca\/wp-json\/wp\/v2\/media?parent=12119"}],"wp:term":[{"taxonomy":"category","embeddable":true,"href":"https:\/\/infotorrent.es\/ca\/wp-json\/wp\/v2\/categories?post=12119"},{"taxonomy":"post_tag","embeddable":true,"href":"https:\/\/infotorrent.es\/ca\/wp-json\/wp\/v2\/tags?post=12119"}],"curies":[{"name":"wp","href":"https:\/\/api.w.org\/{rel}","templated":true}]}}