{"id":12100,"date":"2019-10-07T13:43:39","date_gmt":"2019-10-07T13:43:39","guid":{"rendered":"https:\/\/infotorrent.es\/uncategorized\/la-casa-de-la-dona-acull-la-xviii-trobada-de-dones-empresaries-i-emprenedores\/"},"modified":"2019-10-07T13:40:55","modified_gmt":"2019-10-07T13:40:55","slug":"la-casa-de-la-dona-acull-la-xviii-trobada-de-dones-empresaries-i-emprenedores","status":"publish","type":"post","link":"https:\/\/infotorrent.es\/ca\/noticies\/la-casa-de-la-dona-acull-la-xviii-trobada-de-dones-empresaries-i-emprenedores\/","title":{"rendered":"La Casa de la Dona acull la XVIII Trobada de Dones Empres\u00e0ries i Emprenedores"},"content":{"rendered":"<p style=\"text-align: justify;\">La Casa de la Dona de Torrent va acollir la XVIII Trobada de Dones Empres\u00e0ries i Emprenedores, un f\u00f2rum organitzat per l&#8217;empresa municipal Idea&#8217;t que t\u00e9 com a objectiu posar en valor el paper de la dona en el m\u00f3n del comer\u00e7 i els negocis, a m\u00e9s de ser un punt de reflexi\u00f3 on compartir experi\u00e8ncies. En aquesta ocasi\u00f3, la jornada va comen\u00e7ar amb la pon\u00e8ncia \u201cEl teu negoci: La teua passi\u00f3&#8221;, a c\u00e0rrec d&#8217;Ami Bond\u00eda, periodista i formadora, col\u00b7laboradora habitual en temes d&#8217;emprenedoria en mitjans de comunicaci\u00f3 a nivell nacional. En la xarrada es van aportar idees a l&#8217;hora de diversificar els diferents negocis, a trav\u00e9s d&#8217;exemples de dones que han aconseguit l&#8217;\u00e8xit en les seues empreses gr\u00e0cies a la diferenciaci\u00f3 i a la creaci\u00f3 de productes que compten amb la passi\u00f3 personal com a valor afegit. En finalitzar, el p\u00fablic, format per desenes de dones, va compartir alguns dels seus casos personals aix\u00ed com els desafiaments als quals han de fer front en el seu dia a dia. La regidor d&#8217;Igualtat i Formaci\u00f3, Marina Olivares, no va voler faltar a una cita tan important per a les dones torrentins en una clara aposta per la participaci\u00f3 i la visibilitzaci\u00f3 de la dona en el sector clau de l&#8217;emprenedoria.<\/p>\n<p><img fetchpriority=\"high\" decoding=\"async\" class=\"size-full wp-image-32121 aligncenter\" src=\"https:\/\/www.infotorrent.es\/wp-content\/uploads\/2019\/10\/TrobadaDones1.jpg\" alt=\"\" width=\"695\" height=\"463\" \/><\/p>\n","protected":false},"excerpt":{"rendered":"<p>La Casa de la Dona de Torrent va acollir la XVIII Trobada de Dones Empres\u00e0ries i Emprenedores, un f\u00f2rum organitzat per l&#8217;empresa municipal Idea&#8217;t que t\u00e9 com a objectiu posar en valor el paper de la dona en el m\u00f3n del comer\u00e7 i els negocis, a m\u00e9s de ser un punt de reflexi\u00f3 on compartir [&hellip;]<\/p>\n","protected":false},"author":3,"featured_media":12102,"comment_status":"closed","ping_status":"open","sticky":false,"template":"","format":"standard","meta":{"_acf_changed":false,"footnotes":""},"categories":[116,118],"tags":[],"class_list":["post-12100","post","type-post","status-publish","format-standard","has-post-thumbnail","hentry","category-noticies","category-sanitat-i-igualtat"],"acf":[],"_links":{"self":[{"href":"https:\/\/infotorrent.es\/ca\/wp-json\/wp\/v2\/posts\/12100","targetHints":{"allow":["GET"]}}],"collection":[{"href":"https:\/\/infotorrent.es\/ca\/wp-json\/wp\/v2\/posts"}],"about":[{"href":"https:\/\/infotorrent.es\/ca\/wp-json\/wp\/v2\/types\/post"}],"author":[{"embeddable":true,"href":"https:\/\/infotorrent.es\/ca\/wp-json\/wp\/v2\/users\/3"}],"replies":[{"embeddable":true,"href":"https:\/\/infotorrent.es\/ca\/wp-json\/wp\/v2\/comments?post=12100"}],"version-history":[{"count":0,"href":"https:\/\/infotorrent.es\/ca\/wp-json\/wp\/v2\/posts\/12100\/revisions"}],"wp:featuredmedia":[{"embeddable":true,"href":"https:\/\/infotorrent.es\/ca\/wp-json\/wp\/v2\/media\/12102"}],"wp:attachment":[{"href":"https:\/\/infotorrent.es\/ca\/wp-json\/wp\/v2\/media?parent=12100"}],"wp:term":[{"taxonomy":"category","embeddable":true,"href":"https:\/\/infotorrent.es\/ca\/wp-json\/wp\/v2\/categories?post=12100"},{"taxonomy":"post_tag","embeddable":true,"href":"https:\/\/infotorrent.es\/ca\/wp-json\/wp\/v2\/tags?post=12100"}],"curies":[{"name":"wp","href":"https:\/\/api.w.org\/{rel}","templated":true}]}}