{"id":12085,"date":"2019-10-03T17:54:45","date_gmt":"2019-10-03T17:54:45","guid":{"rendered":"https:\/\/infotorrent.es\/uncategorized\/torrent-posa-en-marxa-la-campanya-de-control-de-la-processionaria\/"},"modified":"2019-10-03T18:07:56","modified_gmt":"2019-10-03T18:07:56","slug":"torrent-posa-en-marxa-la-campanya-de-control-de-la-processionaria","status":"publish","type":"post","link":"https:\/\/infotorrent.es\/ca\/noticies\/torrent-posa-en-marxa-la-campanya-de-control-de-la-processionaria\/","title":{"rendered":"Torrent posa en marxa la campanya de control de la procession\u00e0ria"},"content":{"rendered":"<p><strong>Els propietaris de parcel\u00b7les privades poden sol\u00b7licitar el servei fins al 25 d&#8217;octubre en les oficines de Nous Espais o telem\u00e0ticament<\/strong><\/p>\n<p>Durant la tardor, l&#8217;Ajuntament de Torrent, a trav\u00e9s de l&#8217;empresa municipal Nous Espais, posa en marxa la campanya de control de plagues de la procession\u00e0ria per a previndre la seua aparici\u00f3 en pins de jardins, col\u00b7legis i altres instal\u00b7lacions p\u00fabliques. D&#8217;igual manera, s&#8217;ofereix un servei de tractament als propietaris de parcel\u00b7les privades que el sol\u00b7liciten i evitar afeccions, tant en les pr\u00f2pies propietats com en la via p\u00fablica.<\/p>\n<p>Per a tots aquells ve\u00efns que vulguen ampliar la informaci\u00f3 sobre el tractament i els serveis que ofereix Nous Espais, l&#8217;Ajuntament, en col\u00b7laboraci\u00f3 amb l&#8217;AVV El Vedat, ha organitzat una xarrada per a dilluns que ve 7 d&#8217;octubre, a les 19 hores, en el local social de l&#8217;associaci\u00f3 de ve\u00efns (Font de Sant Lluis, 16), a la qual poden acudir tota persona interessada.<\/p>\n<p><a href=\"https:\/\/www.infotorrent.es\/wp-content\/uploads\/2019\/10\/pagina-control-procesionaria-del-pi.jpg\"><img fetchpriority=\"high\" decoding=\"async\" class=\"size-full wp-image-31952 aligncenter\" src=\"https:\/\/www.infotorrent.es\/wp-content\/uploads\/2019\/10\/pagina-control-procesionaria-del-pi.jpg\" alt=\"\" width=\"700\" height=\"980\" \/><\/a><br \/>\nLa millor manera d&#8217;evitar l&#8217;aparici\u00f3 de les bosses i posteriorment de les erugues, que s\u00f3n perilloses per a la salut de les persones i els animals, consisteix en la realitzaci\u00f3 de tractaments preventius, quedant els pins protegits i aix\u00ed evitar l&#8217;aparici\u00f3 de les bosses de niu. Despr\u00e9s del proc\u00e9s, els t\u00e8cnics realitzen un seguiment per a comprovar l&#8217;efectivitat i, al mateix temps, fer treballs de retirada si existira algun niu.<\/p>\n<p>Durant l&#8217;any passat, el consistori va tractar m\u00e9s de 1.500 exemplars mitjan\u00e7ant l&#8217;innovador tractament de endoter\u00e1pia, que consisteix en una injecci\u00f3 del compost insecticida en el tronc de l&#8217;arbre amb una moderna m\u00e0quina, propietat de la societat municipal. <strong>\u201cLa prevenci\u00f3 amb el tractament de endoter\u00e0pia \u00e9s el m\u00e8tode m\u00e9s efectiu per a evitar problemes durant la primavera, quan les erugues fan el seu proc\u00e9s\u201d<\/strong>, ha explicat el regidor de Medi Ambient, Francisco Jos\u00e9 Arnau.<\/p>\n<p>Les sol\u00b7licituds dels particulars es poden descarregar des de la p\u00e0gina web: www.nousespais.es, on trobaran la informaci\u00f3 complement\u00e0ria, o b\u00e9 recollir en les oficines. Fins al 25 d&#8217;octubre es poden presentar les sol\u00b7licituds en les oficines de Nous Espais podent tramitar-se, a m\u00e9s, telem\u00e0ticament.<\/p>\n","protected":false},"excerpt":{"rendered":"<p>Els propietaris de parcel\u00b7les privades poden sol\u00b7licitar el servei fins al 25 d&#8217;octubre en les oficines de Nous Espais o telem\u00e0ticament Durant la tardor, l&#8217;Ajuntament de Torrent, a trav\u00e9s de l&#8217;empresa municipal Nous Espais, posa en marxa la campanya de control de plagues de la procession\u00e0ria per a previndre la seua aparici\u00f3 en pins de [&hellip;]<\/p>\n","protected":false},"author":4,"featured_media":12087,"comment_status":"closed","ping_status":"open","sticky":false,"template":"","format":"standard","meta":{"_acf_changed":false,"footnotes":""},"categories":[138,116,151],"tags":[1002],"class_list":["post-12085","post","type-post","status-publish","format-standard","has-post-thumbnail","hentry","category-medio-ambiente-2","category-noticies","category-sanitat","tag-medi-ambientprocessionaria"],"acf":[],"_links":{"self":[{"href":"https:\/\/infotorrent.es\/ca\/wp-json\/wp\/v2\/posts\/12085","targetHints":{"allow":["GET"]}}],"collection":[{"href":"https:\/\/infotorrent.es\/ca\/wp-json\/wp\/v2\/posts"}],"about":[{"href":"https:\/\/infotorrent.es\/ca\/wp-json\/wp\/v2\/types\/post"}],"author":[{"embeddable":true,"href":"https:\/\/infotorrent.es\/ca\/wp-json\/wp\/v2\/users\/4"}],"replies":[{"embeddable":true,"href":"https:\/\/infotorrent.es\/ca\/wp-json\/wp\/v2\/comments?post=12085"}],"version-history":[{"count":0,"href":"https:\/\/infotorrent.es\/ca\/wp-json\/wp\/v2\/posts\/12085\/revisions"}],"wp:featuredmedia":[{"embeddable":true,"href":"https:\/\/infotorrent.es\/ca\/wp-json\/wp\/v2\/media\/12087"}],"wp:attachment":[{"href":"https:\/\/infotorrent.es\/ca\/wp-json\/wp\/v2\/media?parent=12085"}],"wp:term":[{"taxonomy":"category","embeddable":true,"href":"https:\/\/infotorrent.es\/ca\/wp-json\/wp\/v2\/categories?post=12085"},{"taxonomy":"post_tag","embeddable":true,"href":"https:\/\/infotorrent.es\/ca\/wp-json\/wp\/v2\/tags?post=12085"}],"curies":[{"name":"wp","href":"https:\/\/api.w.org\/{rel}","templated":true}]}}