{"id":12056,"date":"2019-10-01T07:06:58","date_gmt":"2019-10-01T07:06:58","guid":{"rendered":"https:\/\/infotorrent.es\/uncategorized\/la-setmana-de-lagricultura-de-torrent-posa-el-punt-final-a-unes-jornades-dedicades-a-la-garrofera\/"},"modified":"2019-10-01T07:28:25","modified_gmt":"2019-10-01T07:28:25","slug":"la-setmana-de-lagricultura-de-torrent-posa-el-punt-final-a-unes-jornades-dedicades-a-la-garrofera","status":"publish","type":"post","link":"https:\/\/infotorrent.es\/ca\/noticies\/la-setmana-de-lagricultura-de-torrent-posa-el-punt-final-a-unes-jornades-dedicades-a-la-garrofera\/","title":{"rendered":"La Setmana de l&#8217;Agricultura de Torrent posa el punt final a unes jornades dedicades a la garrofera"},"content":{"rendered":"<p style=\"text-align: justify;\">La 4a Setmana de l\u2019Agricultura de Torrent, Garrofera, l\u2019ombra del Mediterrani\u2019, ha posat el punt final a un programa ple d\u2019activitats al voltant de la garrofera, esp\u00e8cie arb\u00f2ria tradicional del Mediterrani. Del 24 al 29 de setembre, els torrentins i torrentinas han pogut gaudir en el Museu de l\u2019Horta Sud de xarrades, taules redones, debats i tallers.<\/p>\n<p style=\"text-align: justify;\">\nDivendres a la vesprada tingu\u00e9 lloc la taula redona \u2018Agricultura Valenciana i ocupaci\u00f3. Reptes de futur\u2019, on van participar diferents t\u00e8cnics i especialistes de l\u2019\u00e0rea que van debatre sobre la formaci\u00f3, professionalitzaci\u00f3 i regularitzaci\u00f3 de l\u2019ocupaci\u00f3, la situaci\u00f3 actual i les perspectives de futur. En el debat, moderat per Conxa Medina, hi van participar Vital Garc\u00eda-Espa\u00f1a Serra, director de l\u2019Escola de Capatassos Agr\u00edcoles de Catarroja, Helena Cifre, coordinadora t\u00e8cnica de la Societat Espanyola d\u2019Agricultura Ecol\u00f2gica, Regina Monsalve, presidenta del Col\u00b7legi Oficial d\u2019Enginyers T\u00e8cnics Agr\u00edcoles i Graduats de Val\u00e8ncia i Castell\u00f3; Vicent Mu\u00f1oz, representant al Consell Agrari de Torrent, Sonia i Bernat, t\u00e8cnics ACCO-Mancat Horta Sud, Enrique Torrent Medina, agricultor.<\/p>\n<p style=\"text-align: justify;\"><img fetchpriority=\"high\" decoding=\"async\" class=\"aligncenter size-full wp-image-31790\" src=\"https:\/\/www.infotorrent.es\/wp-content\/uploads\/2019\/10\/Algarrobos4.jpg\" alt=\"\" width=\"700\" height=\"467\" \/><\/p>\n<p style=\"text-align: justify;\">En finalitzar la taula redona, el p\u00fablic va participar en un taller de cosm\u00e8tica, en el qual van poder con\u00e8ixer totes les propietats de la garrofera i de l\u2019\u00e0loe vera i, a m\u00e9s, van poder fabricar el seu propi exfoliant. La regidora de Cultura, Susi Ferrer, que no es perd\u00e9 el taller, destac\u00e0 <strong>\u201cla implicaci\u00f3 i participaci\u00f3 dels torrentins i torrentines en les activitats que hem organitzat durant tota la setmana, i on hem debatut sobre la import\u00e0ncia del nostre patrimoni agr\u00edcola i la seua situaci\u00f3 futura\u201d<\/strong>.<\/p>\n<p style=\"text-align: justify;\"><img decoding=\"async\" class=\"aligncenter size-full wp-image-31792\" src=\"https:\/\/www.infotorrent.es\/wp-content\/uploads\/2019\/10\/Algarrobos1.jpg\" alt=\"\" width=\"700\" height=\"467\" \/><br \/>\nEl tancament d\u2019esta edici\u00f3 de la Setmana de l\u2019Agricultura fou una visita i passejada per garroferes en producci\u00f3 i abandonades, vivers i magatzems de garrofes, garroferes monumentals i garroferes ornamentals. Un grup format per persones de totes les edats va omplir un autob\u00fas complet que va eixir des de la pla\u00e7a de les Corts Valencianes. El regidor de Medi Ambient, Francisco Jos\u00e9 Arnau, i el doctor en enginyeria agr\u00f2noma, Llu\u00eds Fresquet, van ser els encarregats de guiar al grup i mostrar-los cada lloc.<\/p>\n<p style=\"text-align: justify;\"><img decoding=\"async\" class=\"aligncenter size-full wp-image-31798\" src=\"https:\/\/www.infotorrent.es\/wp-content\/uploads\/2019\/10\/Algarroba2.jpg\" alt=\"\" width=\"700\" height=\"525\" \/><\/p>\n<p><img loading=\"lazy\" decoding=\"async\" class=\"aligncenter size-full wp-image-31796\" src=\"https:\/\/www.infotorrent.es\/wp-content\/uploads\/2019\/10\/Algarroba.jpg\" alt=\"\" width=\"700\" height=\"525\" \/><\/p>\n<p><img loading=\"lazy\" decoding=\"async\" class=\"aligncenter size-full wp-image-31794\" src=\"https:\/\/www.infotorrent.es\/wp-content\/uploads\/2019\/10\/Algarrobos.jpg\" alt=\"\" width=\"700\" height=\"467\" \/><\/p>\n","protected":false},"excerpt":{"rendered":"<p>La 4a Setmana de l\u2019Agricultura de Torrent, Garrofera, l\u2019ombra del Mediterrani\u2019, ha posat el punt final a un programa ple d\u2019activitats al voltant de la garrofera, esp\u00e8cie arb\u00f2ria tradicional del Mediterrani. Del 24 al 29 de setembre, els torrentins i torrentinas han pogut gaudir en el Museu de l\u2019Horta Sud de xarrades, taules redones, debats [&hellip;]<\/p>\n","protected":false},"author":6,"featured_media":12058,"comment_status":"closed","ping_status":"open","sticky":false,"template":"","format":"standard","meta":{"_acf_changed":false,"footnotes":""},"categories":[117,116],"tags":[259],"class_list":["post-12056","post","type-post","status-publish","format-standard","has-post-thumbnail","hentry","category-cultura","category-noticies","tag-ajuntament-de-torrenttorrent"],"acf":[],"_links":{"self":[{"href":"https:\/\/infotorrent.es\/ca\/wp-json\/wp\/v2\/posts\/12056","targetHints":{"allow":["GET"]}}],"collection":[{"href":"https:\/\/infotorrent.es\/ca\/wp-json\/wp\/v2\/posts"}],"about":[{"href":"https:\/\/infotorrent.es\/ca\/wp-json\/wp\/v2\/types\/post"}],"author":[{"embeddable":true,"href":"https:\/\/infotorrent.es\/ca\/wp-json\/wp\/v2\/users\/6"}],"replies":[{"embeddable":true,"href":"https:\/\/infotorrent.es\/ca\/wp-json\/wp\/v2\/comments?post=12056"}],"version-history":[{"count":0,"href":"https:\/\/infotorrent.es\/ca\/wp-json\/wp\/v2\/posts\/12056\/revisions"}],"wp:featuredmedia":[{"embeddable":true,"href":"https:\/\/infotorrent.es\/ca\/wp-json\/wp\/v2\/media\/12058"}],"wp:attachment":[{"href":"https:\/\/infotorrent.es\/ca\/wp-json\/wp\/v2\/media?parent=12056"}],"wp:term":[{"taxonomy":"category","embeddable":true,"href":"https:\/\/infotorrent.es\/ca\/wp-json\/wp\/v2\/categories?post=12056"},{"taxonomy":"post_tag","embeddable":true,"href":"https:\/\/infotorrent.es\/ca\/wp-json\/wp\/v2\/tags?post=12056"}],"curies":[{"name":"wp","href":"https:\/\/api.w.org\/{rel}","templated":true}]}}