{"id":12050,"date":"2019-10-01T06:42:28","date_gmt":"2019-10-01T06:42:28","guid":{"rendered":"https:\/\/infotorrent.es\/uncategorized\/torrent-celebra-el-dia-mundial-del-turisme-amb-una-visita-guiada-pels-punts-mes-emblematics-del-municipi\/"},"modified":"2019-10-01T06:47:09","modified_gmt":"2019-10-01T06:47:09","slug":"torrent-celebra-el-dia-mundial-del-turisme-amb-una-visita-guiada-pels-punts-mes-emblematics-del-municipi","status":"publish","type":"post","link":"https:\/\/infotorrent.es\/ca\/noticies\/torrent-celebra-el-dia-mundial-del-turisme-amb-una-visita-guiada-pels-punts-mes-emblematics-del-municipi\/","title":{"rendered":"Torrent celebra el Dia Mundial del Turisme amb una visita guiada pels punts m\u00e9s emblem\u00e0tics del municipi"},"content":{"rendered":"<p style=\"text-align: justify;\"><strong>Un grup format per 35 torrentins i torrentines van con\u00e9ixer tota la hist\u00f2ria de la Torre, el Museu Comarcal i la Casa Museu de Setmana Santa<\/strong><\/p>\n<p style=\"text-align: justify;\">Torrent va celebrar divendres passat el Dia Mundial del Turisme amb una visita guiada pels punts m\u00e9s emblem\u00e0tics de la ciutat. El grup, format per 35 torrentins i torrentines, van gaudir d\u2019una vesprada molt entretinguda i van poder con\u00e8ixer el patrimoni cultural i hist\u00f2ric del municipi. La ruta es va iniciar en la pla\u00e7a de l\u2019Esgl\u00e9sia i, acompanyats d\u2019un t\u00e8cnic del consistori, la comitiva es va dirigir a la Torre, el Museu Comarcal de l\u2019Horta Sud i, com a punt final, a la Casa Museu de Setmana Santa.<\/p>\n<p style=\"text-align: justify;\">La regidora de Turisme, Susi Ferrer, i els representants de la corporaci\u00f3 municipal, es van unir a la ruta tur\u00edstica que <strong>\u201c\u00e9s el pre\u00e0mbul a totes les activitats que hem preparat per a celebrar la Setmana Cultural del Nou d\u2019Octubre, en la qual tamb\u00e9 s\u2019inclouran una jornada de portes obertes a la Torre i visites nocturnes\u201d<\/strong>, ha explicat Ferrer.<\/p>\n<p>&nbsp;<\/p>\n<p><img fetchpriority=\"high\" decoding=\"async\" class=\"aligncenter size-full wp-image-31768\" src=\"https:\/\/www.infotorrent.es\/wp-content\/uploads\/2019\/10\/Dia_Turismo3.jpg\" alt=\"\" width=\"700\" height=\"467\" \/><\/p>\n<p><img decoding=\"async\" class=\"aligncenter size-full wp-image-31766\" src=\"https:\/\/www.infotorrent.es\/wp-content\/uploads\/2019\/10\/Dia_Turismo4.jpg\" alt=\"\" width=\"700\" height=\"467\" \/><\/p>\n<p><img decoding=\"async\" class=\"aligncenter size-full wp-image-31764\" src=\"https:\/\/www.infotorrent.es\/wp-content\/uploads\/2019\/10\/Dia_Turismo2.jpg\" alt=\"\" width=\"700\" height=\"467\" \/><\/p>\n<p>&nbsp;<\/p>\n","protected":false},"excerpt":{"rendered":"<p>Un grup format per 35 torrentins i torrentines van con\u00e9ixer tota la hist\u00f2ria de la Torre, el Museu Comarcal i la Casa Museu de Setmana Santa Torrent va celebrar divendres passat el Dia Mundial del Turisme amb una visita guiada pels punts m\u00e9s emblem\u00e0tics de la ciutat. El grup, format per 35 torrentins i torrentines, [&hellip;]<\/p>\n","protected":false},"author":6,"featured_media":12052,"comment_status":"closed","ping_status":"open","sticky":false,"template":"","format":"standard","meta":{"_acf_changed":false,"footnotes":""},"categories":[117,116],"tags":[259],"class_list":["post-12050","post","type-post","status-publish","format-standard","has-post-thumbnail","hentry","category-cultura","category-noticies","tag-ajuntament-de-torrenttorrent"],"acf":[],"_links":{"self":[{"href":"https:\/\/infotorrent.es\/ca\/wp-json\/wp\/v2\/posts\/12050","targetHints":{"allow":["GET"]}}],"collection":[{"href":"https:\/\/infotorrent.es\/ca\/wp-json\/wp\/v2\/posts"}],"about":[{"href":"https:\/\/infotorrent.es\/ca\/wp-json\/wp\/v2\/types\/post"}],"author":[{"embeddable":true,"href":"https:\/\/infotorrent.es\/ca\/wp-json\/wp\/v2\/users\/6"}],"replies":[{"embeddable":true,"href":"https:\/\/infotorrent.es\/ca\/wp-json\/wp\/v2\/comments?post=12050"}],"version-history":[{"count":0,"href":"https:\/\/infotorrent.es\/ca\/wp-json\/wp\/v2\/posts\/12050\/revisions"}],"wp:featuredmedia":[{"embeddable":true,"href":"https:\/\/infotorrent.es\/ca\/wp-json\/wp\/v2\/media\/12052"}],"wp:attachment":[{"href":"https:\/\/infotorrent.es\/ca\/wp-json\/wp\/v2\/media?parent=12050"}],"wp:term":[{"taxonomy":"category","embeddable":true,"href":"https:\/\/infotorrent.es\/ca\/wp-json\/wp\/v2\/categories?post=12050"},{"taxonomy":"post_tag","embeddable":true,"href":"https:\/\/infotorrent.es\/ca\/wp-json\/wp\/v2\/tags?post=12050"}],"curies":[{"name":"wp","href":"https:\/\/api.w.org\/{rel}","templated":true}]}}