{"id":12043,"date":"2019-09-27T12:37:51","date_gmt":"2019-09-27T12:37:51","guid":{"rendered":"https:\/\/infotorrent.es\/uncategorized\/cronista-i-nicolau-andreu-presenten-al-costat-de-soterranya-el-projecte-sostenible-concienciaaccio\/"},"modified":"2019-09-27T12:40:10","modified_gmt":"2019-09-27T12:40:10","slug":"cronista-i-nicolau-andreu-presenten-al-costat-de-soterranya-el-projecte-sostenible-concienciaaccio","status":"publish","type":"post","link":"https:\/\/infotorrent.es\/ca\/noticies\/cronista-i-nicolau-andreu-presenten-al-costat-de-soterranya-el-projecte-sostenible-concienciaaccio\/","title":{"rendered":"Cronista i Nicolau Andreu presenten al costat de Soterranya el projecte sostenible &#8216;ConcienciaAcci\u00f3&#8217;"},"content":{"rendered":"<p style=\"text-align: justify;\">Les falles Cronista Vicent Beguer i Esteve, Nicolau Andreu, al costat del Col\u00b7lectiu Soterranya, van presentar ahir a la vesprada a Casa de la Dona el projecte ConcienciaAcci\u00f3; una iniciativa de sensibilitzaci\u00f3 amb l&#8217;objectiu de la qual \u00e9s aconseguir unes falles sostenibles. A l&#8217;acte van assistir les falleres majors de Torrent, Alicia Pallard\u00f3 Benavent i Sandra Peris Embuena, que van estar acompanyades pel regidor de Falles, Pascual Mart\u00ednez, i el regidor de Benestar Social, Jos\u00e9 Antonio Castillejo.<\/p>\n<p><img fetchpriority=\"high\" decoding=\"async\" class=\"size-full wp-image-31722 aligncenter\" src=\"https:\/\/www.infotorrent.es\/wp-content\/uploads\/2019\/09\/falles-1.jpg\" alt=\"\" width=\"695\" height=\"463\" \/>nt d<\/p>\n","protected":false},"excerpt":{"rendered":"<p>Les falles Cronista Vicent Beguer i Esteve, Nicolau Andreu, al costat del Col\u00b7lectiu Soterranya, van presentar ahir a la vesprada a Casa de la Dona el projecte ConcienciaAcci\u00f3; una iniciativa de sensibilitzaci\u00f3 amb l&#8217;objectiu de la qual \u00e9s aconseguir unes falles sostenibles. A l&#8217;acte van assistir les falleres majors de Torrent, Alicia Pallard\u00f3 Benavent i [&hellip;]<\/p>\n","protected":false},"author":3,"featured_media":12045,"comment_status":"closed","ping_status":"open","sticky":false,"template":"","format":"standard","meta":{"_acf_changed":false,"footnotes":""},"categories":[117,116],"tags":[259],"class_list":["post-12043","post","type-post","status-publish","format-standard","has-post-thumbnail","hentry","category-cultura","category-noticies","tag-ajuntament-de-torrenttorrent"],"acf":[],"_links":{"self":[{"href":"https:\/\/infotorrent.es\/ca\/wp-json\/wp\/v2\/posts\/12043","targetHints":{"allow":["GET"]}}],"collection":[{"href":"https:\/\/infotorrent.es\/ca\/wp-json\/wp\/v2\/posts"}],"about":[{"href":"https:\/\/infotorrent.es\/ca\/wp-json\/wp\/v2\/types\/post"}],"author":[{"embeddable":true,"href":"https:\/\/infotorrent.es\/ca\/wp-json\/wp\/v2\/users\/3"}],"replies":[{"embeddable":true,"href":"https:\/\/infotorrent.es\/ca\/wp-json\/wp\/v2\/comments?post=12043"}],"version-history":[{"count":0,"href":"https:\/\/infotorrent.es\/ca\/wp-json\/wp\/v2\/posts\/12043\/revisions"}],"wp:featuredmedia":[{"embeddable":true,"href":"https:\/\/infotorrent.es\/ca\/wp-json\/wp\/v2\/media\/12045"}],"wp:attachment":[{"href":"https:\/\/infotorrent.es\/ca\/wp-json\/wp\/v2\/media?parent=12043"}],"wp:term":[{"taxonomy":"category","embeddable":true,"href":"https:\/\/infotorrent.es\/ca\/wp-json\/wp\/v2\/categories?post=12043"},{"taxonomy":"post_tag","embeddable":true,"href":"https:\/\/infotorrent.es\/ca\/wp-json\/wp\/v2\/tags?post=12043"}],"curies":[{"name":"wp","href":"https:\/\/api.w.org\/{rel}","templated":true}]}}