{"id":12034,"date":"2019-09-27T13:11:30","date_gmt":"2019-09-27T13:11:30","guid":{"rendered":"https:\/\/infotorrent.es\/uncategorized\/berna-blanch-presenta-el-seu-llibre-albuferenc-a-torrent\/"},"modified":"2019-09-27T12:53:33","modified_gmt":"2019-09-27T12:53:33","slug":"berna-blanch-presenta-el-seu-llibre-albuferenc-a-torrent","status":"publish","type":"post","link":"https:\/\/infotorrent.es\/ca\/noticies\/berna-blanch-presenta-el-seu-llibre-albuferenc-a-torrent\/","title":{"rendered":"Berna Blanch presenta el seu llibre Albuferenc a Torrent"},"content":{"rendered":"<p style=\"text-align: justify;\">La Casa de la Cultura va acollir ahir a la vesprada la presentaci\u00f3 del llibre Albuferenc, de Berna Blanch. L&#8217;obra, que est\u00e0 dedicada a l&#8217;Albufera i les marjals, inclou entre les seues p\u00e0gines informaci\u00f3 sobre l&#8217;ofici del pescador, al ca\u00e7ador o a l&#8217;arrosser, aix\u00ed com de les s\u00e9quies, dels motors, de les barques, de la vela, dels camps. L&#8217;acte va comptar amb la participaci\u00f3 del mateix autor, aix\u00ed com de l&#8217;editor David Vidal i Vicent Font, que va ser el conductor de l&#8217;acte. La regidora d&#8217;Educaci\u00f3 i Publicacions, Patricia S\u00e1ez, aix\u00ed com la d&#8217;Igualtat, Marina Olivares, van assistir a l&#8217;esdeveniment, que va congregar a un ampli p\u00fablic que \u00f2mplic la sala d&#8217;actes.<\/p>\n<p>&nbsp;<\/p>\n<p><img fetchpriority=\"high\" decoding=\"async\" class=\"size-full wp-image-31688 aligncenter\" src=\"https:\/\/www.infotorrent.es\/wp-content\/uploads\/2019\/09\/Albuferenc-2.jpg\" alt=\"\" width=\"695\" height=\"463\" \/><\/p>\n<p><img decoding=\"async\" class=\"size-full wp-image-31690 aligncenter\" src=\"https:\/\/www.infotorrent.es\/wp-content\/uploads\/2019\/09\/Albuferenc-1.jpg\" alt=\"\" width=\"695\" height=\"463\" \/><\/p>\n","protected":false},"excerpt":{"rendered":"<p>La Casa de la Cultura va acollir ahir a la vesprada la presentaci\u00f3 del llibre Albuferenc, de Berna Blanch. L&#8217;obra, que est\u00e0 dedicada a l&#8217;Albufera i les marjals, inclou entre les seues p\u00e0gines informaci\u00f3 sobre l&#8217;ofici del pescador, al ca\u00e7ador o a l&#8217;arrosser, aix\u00ed com de les s\u00e9quies, dels motors, de les barques, de la [&hellip;]<\/p>\n","protected":false},"author":3,"featured_media":12036,"comment_status":"closed","ping_status":"open","sticky":false,"template":"","format":"standard","meta":{"_acf_changed":false,"footnotes":""},"categories":[117,116],"tags":[],"class_list":["post-12034","post","type-post","status-publish","format-standard","has-post-thumbnail","hentry","category-cultura","category-noticies"],"acf":[],"_links":{"self":[{"href":"https:\/\/infotorrent.es\/ca\/wp-json\/wp\/v2\/posts\/12034","targetHints":{"allow":["GET"]}}],"collection":[{"href":"https:\/\/infotorrent.es\/ca\/wp-json\/wp\/v2\/posts"}],"about":[{"href":"https:\/\/infotorrent.es\/ca\/wp-json\/wp\/v2\/types\/post"}],"author":[{"embeddable":true,"href":"https:\/\/infotorrent.es\/ca\/wp-json\/wp\/v2\/users\/3"}],"replies":[{"embeddable":true,"href":"https:\/\/infotorrent.es\/ca\/wp-json\/wp\/v2\/comments?post=12034"}],"version-history":[{"count":0,"href":"https:\/\/infotorrent.es\/ca\/wp-json\/wp\/v2\/posts\/12034\/revisions"}],"wp:featuredmedia":[{"embeddable":true,"href":"https:\/\/infotorrent.es\/ca\/wp-json\/wp\/v2\/media\/12036"}],"wp:attachment":[{"href":"https:\/\/infotorrent.es\/ca\/wp-json\/wp\/v2\/media?parent=12034"}],"wp:term":[{"taxonomy":"category","embeddable":true,"href":"https:\/\/infotorrent.es\/ca\/wp-json\/wp\/v2\/categories?post=12034"},{"taxonomy":"post_tag","embeddable":true,"href":"https:\/\/infotorrent.es\/ca\/wp-json\/wp\/v2\/tags?post=12034"}],"curies":[{"name":"wp","href":"https:\/\/api.w.org\/{rel}","templated":true}]}}