{"id":12028,"date":"2019-09-26T14:22:41","date_gmt":"2019-09-26T14:22:41","guid":{"rendered":"https:\/\/infotorrent.es\/uncategorized\/tallers-artistics-esportius-familiars-o-literaris-son-algunes-de-les-ofertes-de-casa-de-la-dona-per-a-lultim-trimestre-de-2019\/"},"modified":"2019-09-26T14:09:41","modified_gmt":"2019-09-26T14:09:41","slug":"tallers-artistics-esportius-familiars-o-literaris-son-algunes-de-les-ofertes-de-casa-de-la-dona-per-a-lultim-trimestre-de-2019","status":"publish","type":"post","link":"https:\/\/infotorrent.es\/ca\/noticies\/tallers-artistics-esportius-familiars-o-literaris-son-algunes-de-les-ofertes-de-casa-de-la-dona-per-a-lultim-trimestre-de-2019\/","title":{"rendered":"Tallers art\u00edstics, esportius, familiars o literaris s\u00f3n algunes de les ofertes de Casa de la dona per a l&#8217;\u00faltim trimestre de 2019"},"content":{"rendered":"<p>Torrent, 26\/09\/2019 La Casa de la dona de Torrent ha presentat la nova programaci\u00f3 per a l&#8217;\u00faltim trimestre de l&#8217;any; una proposta que se centra en les activitats creatives, esportives o liter\u00e0ries. El programa est\u00e0 dividit en diferents categories que inclouen, a m\u00e9s, un cineforo i activitats infantils.<\/p>\n<p>El dibuix i la pintura o com fer bolillos s\u00f3n algunes de les activitats pl\u00e0stiques que s&#8217;ofereixen, dins de la secci\u00f3 creativa, que, a m\u00e9s, inclou un taller de cant, clubs de lectura, aix\u00ed com un grup de jocs de taula.<\/p>\n<p>Sota el lema: Cossos Diversos, Casa de la dona presenta els tallers esportius com a Alineaci\u00f3 corporal i recuperaci\u00f3 del s\u00f2l p\u00e8lvic, Defensa personal, Pilates per a embarassades, Pilates postpart i Ioga.<\/p>\n<p>D&#8217;altra banda, dues activitats gratu\u00eftes, Dones en construcci\u00f3 i Perfectament imperfectes, oferiran una visi\u00f3 molt interessant sobre aquests temes d&#8217;important rellev\u00e0ncia.<\/p>\n<p>El p\u00fablic infantil tamb\u00e9 t\u00e9 cabuda en aquest espai amb activitats esportives. Mindfulness o Zumba, dues disciplines molt de moda en l&#8217;actualitat, es dirigeixen als xiquets i xiquetes, que passaren unes vesprades molt divertides i entretingudes.<\/p>\n<p>La programaci\u00f3 es completa amb tallers familiars i dom\u00e8stics formats per Cuina de mercat, Cuina de microones &#8211; tots dos dirigits per a dones i homes \u2013 i Crian\u00e7a positiva.<\/p>\n<p>Finalment, un divendres al mes s&#8217;organitza un *cineforo destinat al visionat i posterior col\u00b7loqui entorn de pel\u00b7l\u00edcules que permeten una reflexi\u00f3 sobre les relacions de g\u00e8nere.<\/p>\n<p>La regidora d&#8217;Igualtat, Marina Olivares, ha assenyalat que es tracten d&#8217;activitats \u201cper a fomentar la participaci\u00f3 de la dona en la nostra societat i, sobretot, que es divertisquen i ho passen b\u00e9, al mateix temps que aprenen\u201d.<\/p>\n<p>Les inscripcions poden realitzar-se en el registre d&#8217;entrada a l&#8217;Ajuntament o en el portal d&#8217;inscripcions de www.torrent.es<\/p>\n<p>Per a ampliar informaci\u00f3 poden dirigir-se al Gabinet de Comunicaci\u00f3 de l&#8217;Ajuntament de Torrent (premsa@torrent.es , 96 111 11 11).<\/p>\n<p><img fetchpriority=\"high\" decoding=\"async\" class=\"wp-image-31641 aligncenter\" src=\"https:\/\/www.infotorrent.es\/wp-content\/uploads\/2019\/09\/Sin-t\u00edtulo-Copy.jpg\" alt=\"\" width=\"319\" height=\"512\" \/><\/p>\n","protected":false},"excerpt":{"rendered":"<p>Torrent, 26\/09\/2019 La Casa de la dona de Torrent ha presentat la nova programaci\u00f3 per a l&#8217;\u00faltim trimestre de l&#8217;any; una proposta que se centra en les activitats creatives, esportives o liter\u00e0ries. El programa est\u00e0 dividit en diferents categories que inclouen, a m\u00e9s, un cineforo i activitats infantils. El dibuix i la pintura o com [&hellip;]<\/p>\n","protected":false},"author":2,"featured_media":12030,"comment_status":"closed","ping_status":"open","sticky":false,"template":"","format":"standard","meta":{"_acf_changed":false,"footnotes":""},"categories":[126,116],"tags":[236],"class_list":["post-12028","post","type-post","status-publish","format-standard","has-post-thumbnail","hentry","category-cultura-es-2","category-noticies","tag-ajuntament-de-torrent"],"acf":[],"_links":{"self":[{"href":"https:\/\/infotorrent.es\/ca\/wp-json\/wp\/v2\/posts\/12028","targetHints":{"allow":["GET"]}}],"collection":[{"href":"https:\/\/infotorrent.es\/ca\/wp-json\/wp\/v2\/posts"}],"about":[{"href":"https:\/\/infotorrent.es\/ca\/wp-json\/wp\/v2\/types\/post"}],"author":[{"embeddable":true,"href":"https:\/\/infotorrent.es\/ca\/wp-json\/wp\/v2\/users\/2"}],"replies":[{"embeddable":true,"href":"https:\/\/infotorrent.es\/ca\/wp-json\/wp\/v2\/comments?post=12028"}],"version-history":[{"count":0,"href":"https:\/\/infotorrent.es\/ca\/wp-json\/wp\/v2\/posts\/12028\/revisions"}],"wp:featuredmedia":[{"embeddable":true,"href":"https:\/\/infotorrent.es\/ca\/wp-json\/wp\/v2\/media\/12030"}],"wp:attachment":[{"href":"https:\/\/infotorrent.es\/ca\/wp-json\/wp\/v2\/media?parent=12028"}],"wp:term":[{"taxonomy":"category","embeddable":true,"href":"https:\/\/infotorrent.es\/ca\/wp-json\/wp\/v2\/categories?post=12028"},{"taxonomy":"post_tag","embeddable":true,"href":"https:\/\/infotorrent.es\/ca\/wp-json\/wp\/v2\/tags?post=12028"}],"curies":[{"name":"wp","href":"https:\/\/api.w.org\/{rel}","templated":true}]}}