{"id":11982,"date":"2019-09-19T07:50:22","date_gmt":"2019-09-19T07:50:22","guid":{"rendered":"https:\/\/infotorrent.es\/uncategorized\/la-garrofera-protagonista-de-la-4a-setmana-de-la-agricultura-de-torrent\/"},"modified":"2019-09-19T07:45:41","modified_gmt":"2019-09-19T07:45:41","slug":"la-garrofera-protagonista-de-la-4a-setmana-de-la-agricultura-de-torrent","status":"publish","type":"post","link":"https:\/\/infotorrent.es\/ca\/noticies\/la-garrofera-protagonista-de-la-4a-setmana-de-la-agricultura-de-torrent\/","title":{"rendered":"La garrofera, protagonista de la 4a Setmana de la Agricultura de Torrent"},"content":{"rendered":"<p style=\"text-align: justify;\"><strong>Del 24 al 28 de setembre, el Museu Comarcal de l\u2019Horta Sud acollir\u00e0 diferents activitats entorn a este arbre tant important en el patrimoni agr\u00edcola de la ciutat<\/strong><\/p>\n<p style=\"text-align: justify;\">La Setmana de l\u2019Agricultura de Torrent s\u2019estrena el pr\u00f2xim dia 24 de setembre amb la garrofera con eix protagonista del programa. Aix\u00ed s\u2019ha presentat en la tradicional trobada amb el mitjans de comunicaci\u00f3 per part de l\u2019alcalde Jes\u00fas Ros, \u00a0la regidora de Cultura, Susi Ferrer, i la directora en el Museu Comarcal de l\u2019Horta Sud, Clara P\u00e9rez Per quart any consecutiu, la ciutat celebrar\u00e0 una nova edici\u00f3 amb el t\u00edtol \u2018<em>Garrofera, l\u2019Ombra del Mediterrani\u201d, \u201c<\/em><strong>on posarem en valor el sector agr\u00edcola per a preservar la nostra mem\u00f2ria i el que era la nostra economia en el passat\u201d, <\/strong>ha declarat l\u2019alcalde.<\/p>\n<p style=\"text-align: justify;\">El programa d\u2019activitats s\u2019encetar\u00e0 amb la xarrada <em>El Decret 201\/2017 de venda per proximitat de productes primaris i agroalimentari, <\/em>impartida per ponents Juan Jos\u00e9 Lliso, enginyer t\u00e8cnic agr\u00edcola del Servei de Transfer\u00e8ncia i Tecnologia de la Conselleria d\u2019Agricultura; i Mar\u00eda Carmen Chinillach, Veterinaria del Servei de Gesti\u00f3 del Risc Alimentari de la Conselleria de Sanitat. Dimarts a les 16.30 h en el Museu Comarcal. Seguidament, ser\u00e0 el moment d\u2019inaugurar l\u2019exposici\u00f3 <em>Garrofera, l\u2019ombra del Mediterrani <\/em>i<em> la Mostra de pintura de Torrent d\u2019Art.<\/em><\/p>\n<p style=\"text-align: justify;\">La regidora de cultura, Susi Ferrer, ha assenyalat que <strong>\u201cel nostre objectiu \u00e9s recon\u00e8ixer el treball dels nostres llauradors i\u00a0 el nostre patrimoni agr\u00edcola, com era, el qu\u00e8 \u00e9s hui i el que ser\u00e0 en un futur<\/strong>\u201d. A m\u00e9s a m\u00e9s, Ferrer ha agra\u00eft als col\u00b7laboradors de la Setmana de l\u2019Agricultura, la Caixa Rural de Torrent, el Museu Comarcal de l\u2019Horta Sud i Eugenio Sim\u00f3.<\/p>\n<p style=\"text-align: justify;\">La programaci\u00f3 continua dimecres a les 19 h amb la presentaci\u00f3 i taula redona <em>La garrofera. Passat, present i futur d\u00b4aquest cultiu<\/em>; una tert\u00falia per a donar import\u00e0ncia del cultiu en el passat, situaci\u00f3 actual, possibilitats de projecci\u00f3 del sector, productes elaborats a partir de les garrofes. Amb la col\u00b7laboraci\u00f3 de Ram\u00f3n Merino, Jos\u00e9 Vilanova, Ponents: Lluis Fresquet i J. Sim\u00f3 \u201cCucala\u201d, i com a moderador, Lluis Fresquet. I per a tancar la vesprada \u00e9s realitzar\u00e0 el taller de varietats de garrofes.<\/p>\n<p style=\"text-align: justify;\">L\u2019equador de la setmana arribar\u00e0 dijous a les 19 h amb la taula redona: <em>Actualitat de l\u2019agricultura valenciana. Els acords de lliure comer\u00e7,<\/em> una xarrada per a tractar els acords de lliure comer\u00e7. Sud\u00e0frica, Egipte, Marroc i MERCOSUR; les conseq\u00fc\u00e8ncies per a l\u00b4agricultura valenciana, alternatives per a evitar la crisi i desaparici\u00f3 dels nostres llauradors. Participaran V\u00edctor Mart\u00ednez, director de la C\u00e0tedra d\u2019Estructures Agr\u00e0ries (UPV), Carles Peris, Secretari General de la Uni\u00f3 de Llauradors, Crist\u00f2bal Aguado, president de l\u2019Associaci\u00f3 Valenciana d\u00b4Agricultors (AVA), i com a moderador Pasqual Moreno.<\/p>\n<p style=\"text-align: justify;\">A les 20.00 h, els assistents podran participar en el taller de farina de garrofa; una activitat gratu\u00efta amb places limitades, per la qual cosa, es el tickets s\u2019arreplegaran en el museu a partir de les 19.30 hores.<\/p>\n<p style=\"text-align: justify;\">La taula redona <em>Agricultura Valenciana i ocupaci\u00f3. Reptes de Futur<\/em> El sector agrari, oportunitats per a la ocupaci\u00f3, debatr\u00e0 per la formaci\u00f3, professionalitzaci\u00f3 i regularitzaci\u00f3 per a l\u2019ocupaci\u00f3, la situaci\u00f3 actual i perspectives de futur. Amb els ponents:Vital Garc\u00eda-Espa\u00f1a Serra. Director de l\u2019Escola de Capatassos Agr\u00edcolas de Catarroja, Helena Cifre. Coordinadora t\u00e8cnica de la Societat Espanyola d\u2019Agricultura Ecol\u00f2gica Regina Monsalve, presidenta del Col\u00b7legi Oficial d\u2019Enginyers T\u00e8cnics Agr\u00edcoles i Graduats de Val\u00e8ncia i Castell\u00f3; Vicent Mu\u00f1oz, representant del Consell Agrari de Torrent, Sonia i Bernat, t\u00e8cnics ACCO-Manco Horta Sud, Enrique Torrent Medina, agricultor Modera: Conxa Medina.<\/p>\n<p style=\"text-align: justify;\">En acabar ser\u00e0 el torn del taller de cosm\u00e8tica; una activitat gratu\u00efta, i que com el taller anterior, els tiquets es repartiran al museu a partir de les 19.30 hores.<\/p>\n<p style=\"text-align: justify;\">El p\u00fablic infantil tamb\u00e9 t\u00e9 cabuda en la programaci\u00f3 de la Setmana de l\u2019Agricultura amb una s\u00e8rie de tallers escolars durant els matins, que es realitzaran sobre alimentaci\u00f3 saludable i agricultura sostenible. A m\u00e9s a m\u00e9s, dijous a les 19 h en la pla\u00e7a Moralets, tindr\u00e0 lloc el teatre \u2018AiguaJocs, el cicle de l\u2019aigua\u2019, dirigida als xiquets i xiquetes.<\/p>\n<p style=\"text-align: justify;\">El punt final el posara la visita i passejada per garroferars en producci\u00f3 i abandonats, vivers i magatzems de garrofes, garroferes monumentals i garroferes ornamentals. Amb Francisco Jos\u00e9 Arnau i Llu\u00eds Fresquet. L\u2019inscripci\u00f3 pr\u00e8via s\u2019ha de fer en el n\u00famero 961 588 221.<\/p>\n<p><img fetchpriority=\"high\" decoding=\"async\" class=\"alignnone size-full wp-image-31259\" src=\"https:\/\/www.infotorrent.es\/wp-content\/uploads\/2019\/09\/Agricultura-1.jpg\" alt=\"\" width=\"1800\" height=\"1200\" \/><\/p>\n","protected":false},"excerpt":{"rendered":"<p>Del 24 al 28 de setembre, el Museu Comarcal de l\u2019Horta Sud acollir\u00e0 diferents activitats entorn a este arbre tant important en el patrimoni agr\u00edcola de la ciutat La Setmana de l\u2019Agricultura de Torrent s\u2019estrena el pr\u00f2xim dia 24 de setembre amb la garrofera con eix protagonista del programa. Aix\u00ed s\u2019ha presentat en la tradicional [&hellip;]<\/p>\n","protected":false},"author":13,"featured_media":11984,"comment_status":"closed","ping_status":"open","sticky":false,"template":"","format":"standard","meta":{"_acf_changed":false,"footnotes":""},"categories":[117,129,116],"tags":[],"class_list":["post-11982","post","type-post","status-publish","format-standard","has-post-thumbnail","hentry","category-cultura","category-economia-es-2","category-noticies"],"acf":[],"_links":{"self":[{"href":"https:\/\/infotorrent.es\/ca\/wp-json\/wp\/v2\/posts\/11982","targetHints":{"allow":["GET"]}}],"collection":[{"href":"https:\/\/infotorrent.es\/ca\/wp-json\/wp\/v2\/posts"}],"about":[{"href":"https:\/\/infotorrent.es\/ca\/wp-json\/wp\/v2\/types\/post"}],"author":[{"embeddable":true,"href":"https:\/\/infotorrent.es\/ca\/wp-json\/wp\/v2\/users\/13"}],"replies":[{"embeddable":true,"href":"https:\/\/infotorrent.es\/ca\/wp-json\/wp\/v2\/comments?post=11982"}],"version-history":[{"count":0,"href":"https:\/\/infotorrent.es\/ca\/wp-json\/wp\/v2\/posts\/11982\/revisions"}],"wp:featuredmedia":[{"embeddable":true,"href":"https:\/\/infotorrent.es\/ca\/wp-json\/wp\/v2\/media\/11984"}],"wp:attachment":[{"href":"https:\/\/infotorrent.es\/ca\/wp-json\/wp\/v2\/media?parent=11982"}],"wp:term":[{"taxonomy":"category","embeddable":true,"href":"https:\/\/infotorrent.es\/ca\/wp-json\/wp\/v2\/categories?post=11982"},{"taxonomy":"post_tag","embeddable":true,"href":"https:\/\/infotorrent.es\/ca\/wp-json\/wp\/v2\/tags?post=11982"}],"curies":[{"name":"wp","href":"https:\/\/api.w.org\/{rel}","templated":true}]}}