{"id":11869,"date":"2019-08-20T12:00:31","date_gmt":"2019-08-20T12:00:31","guid":{"rendered":"https:\/\/infotorrent.es\/uncategorized\/el-ayuntamiento-de-torrent-realiza-trabajos-de-mejora-en-la-calle-que-conecta-el-xenillet-con-el-poligono-industrial-del-mas-del-jutge\/"},"modified":"2019-08-20T12:00:58","modified_gmt":"2019-08-20T12:00:58","slug":"el-ayuntamiento-de-torrent-realiza-trabajos-de-mejora-en-la-calle-que-conecta-el-xenillet-con-el-poligono-industrial-del-mas-del-jutge","status":"publish","type":"post","link":"https:\/\/infotorrent.es\/ca\/noticies\/el-ayuntamiento-de-torrent-realiza-trabajos-de-mejora-en-la-calle-que-conecta-el-xenillet-con-el-poligono-industrial-del-mas-del-jutge\/","title":{"rendered":"L&#8217;Ajuntament de Torrent fa treballs de millora al carrer que connecta el Xenillet amb el Pol\u00edgon Industrial del Mas del Jutge"},"content":{"rendered":"<p style=\"text-align: justify;\">L&#8217;Ajuntament de Torrent est\u00e0 realitzant la millora provisional, com estava previst, del carrer que connecta el Xenillet amb el Pol\u00edgon Industrial del Mas del Jutge, aix\u00ed com la neteja de l&#8217;entorn i de les zones confrontants a determinats immobles que, de manera recurrent al llarg de l&#8217;any, requereixen serveis extraordinaris de neteja generats per accions inc\u00edviques i evitar condicions insalubres<\/p>\n<p><img fetchpriority=\"high\" decoding=\"async\" class=\"size-full wp-image-30597 aligncenter\" src=\"https:\/\/www.infotorrent.es\/wp-content\/uploads\/2019\/08\/Mas-del-Jutge.jpg\" alt=\"\" width=\"416\" height=\"750\" \/><\/p>\n","protected":false},"excerpt":{"rendered":"<p>L&#8217;Ajuntament de Torrent est\u00e0 realitzant la millora provisional, com estava previst, del carrer que connecta el Xenillet amb el Pol\u00edgon Industrial del Mas del Jutge, aix\u00ed com la neteja de l&#8217;entorn i de les zones confrontants a determinats immobles que, de manera recurrent al llarg de l&#8217;any, requereixen serveis extraordinaris de neteja generats per accions [&hellip;]<\/p>\n","protected":false},"author":3,"featured_media":11871,"comment_status":"closed","ping_status":"open","sticky":false,"template":"","format":"standard","meta":{"_acf_changed":false,"footnotes":""},"categories":[116,133],"tags":[],"class_list":["post-11869","post","type-post","status-publish","format-standard","has-post-thumbnail","hentry","category-noticies","category-urbanisme"],"acf":[],"_links":{"self":[{"href":"https:\/\/infotorrent.es\/ca\/wp-json\/wp\/v2\/posts\/11869","targetHints":{"allow":["GET"]}}],"collection":[{"href":"https:\/\/infotorrent.es\/ca\/wp-json\/wp\/v2\/posts"}],"about":[{"href":"https:\/\/infotorrent.es\/ca\/wp-json\/wp\/v2\/types\/post"}],"author":[{"embeddable":true,"href":"https:\/\/infotorrent.es\/ca\/wp-json\/wp\/v2\/users\/3"}],"replies":[{"embeddable":true,"href":"https:\/\/infotorrent.es\/ca\/wp-json\/wp\/v2\/comments?post=11869"}],"version-history":[{"count":0,"href":"https:\/\/infotorrent.es\/ca\/wp-json\/wp\/v2\/posts\/11869\/revisions"}],"wp:featuredmedia":[{"embeddable":true,"href":"https:\/\/infotorrent.es\/ca\/wp-json\/wp\/v2\/media\/11871"}],"wp:attachment":[{"href":"https:\/\/infotorrent.es\/ca\/wp-json\/wp\/v2\/media?parent=11869"}],"wp:term":[{"taxonomy":"category","embeddable":true,"href":"https:\/\/infotorrent.es\/ca\/wp-json\/wp\/v2\/categories?post=11869"},{"taxonomy":"post_tag","embeddable":true,"href":"https:\/\/infotorrent.es\/ca\/wp-json\/wp\/v2\/tags?post=11869"}],"curies":[{"name":"wp","href":"https:\/\/api.w.org\/{rel}","templated":true}]}}