{"id":11850,"date":"2019-08-16T08:13:07","date_gmt":"2019-08-16T08:13:07","guid":{"rendered":"https:\/\/infotorrent.es\/uncategorized\/avancen-les-obres-de-la-futura-ciutat-de-la-justicia-de-torrent\/"},"modified":"2019-08-16T08:16:45","modified_gmt":"2019-08-16T08:16:45","slug":"avancen-les-obres-de-la-futura-ciutat-de-la-justicia-de-torrent","status":"publish","type":"post","link":"https:\/\/infotorrent.es\/ca\/noticies\/avancen-les-obres-de-la-futura-ciutat-de-la-justicia-de-torrent\/","title":{"rendered":"Avancen les obres de la futura Ciutat de la Just\u00edcia de Torrent"},"content":{"rendered":"<p><strong>El condicionament de la parcel\u00b7la de Parc Central \u00e9s una de les actuacions que s&#8217;inclouen en la llista d&#8217;Inversions Financerament Sostenibles<\/strong><\/p>\n<p>El condicionament del solar, situat en la parcel\u00b7la M34 en Parc Central, que albergar\u00e0 la futura Ciutat de la Just\u00edcia, continua avan\u00e7ant durant el mes d&#8217;agost. Actualment, s&#8217;est\u00e0 realitzant el desbrossament i moviment de terres, aix\u00ed com l&#8217;esplanaci\u00f3 per a preparar el nou vial i l&#8217;extensi\u00f3 de la futura pla\u00e7a que dona en l&#8217;avinguda Barcelona 92. A m\u00e9s, s&#8217;estan executant els treballs per a la instal\u00b7laci\u00f3 de la xarxa de sanejament i pluvials.<\/p>\n<p><strong>Projecte emmarcat en les Inversions Financerament Sostenibles<\/strong><br \/>\nEl condicionament del solar, situat en la parcel\u00b7la M34 en Parc Central i pressupostat en 835.000 euros, \u00e9s el primer pas per a aquesta nova infraestructura que suposar\u00e0 l&#8217;actualitzaci\u00f3 de les instal\u00b7lacions, aix\u00ed com la modernitzaci\u00f3 i l&#8217;agrupaci\u00f3 dels serveis i les depend\u00e8ncies judicials de la ciutat.<br \/>\nAquesta intervenci\u00f3 forma part de la llista d&#8217;Inversions Financerament Sostenibles, una s\u00e8rie d&#8217;actuacions finan\u00e7ades gr\u00e0cies al super\u00e0vit de 4,6 milions obtinguts com a resultat de la bona gesti\u00f3 de l&#8217;exercici passat, que s&#8217;invertir\u00e0 per primera vegada en la hist\u00f2ria en millores i noves infraestructures per a la ciutat.<\/p>\n<p><a href=\"https:\/\/www.infotorrent.es\/wp-content\/uploads\/2019\/08\/parc-central-2.jpg\"><img fetchpriority=\"high\" decoding=\"async\" class=\"size-full wp-image-30508 aligncenter\" src=\"https:\/\/www.infotorrent.es\/wp-content\/uploads\/2019\/08\/parc-central-2.jpg\" alt=\"\" width=\"700\" height=\"287\" \/><\/a><br \/>\nEl mes d&#8217;octubre passat el ple de l&#8217;Ajuntament de Torrent va aprovar la delegaci\u00f3 de compet\u00e8ncies per a la contractaci\u00f3 de la redacci\u00f3 de projecte, licitaci\u00f3, adjudicaci\u00f3 i execuci\u00f3 de la construcci\u00f3 del Palau de Just\u00edcia. La delegaci\u00f3 de compet\u00e8ncies suposa que el consistori assumeix la redacci\u00f3 del projecte i l&#8217;execuci\u00f3 de les obres, que abona la Generalitat Valenciana, i el pressupost de la qual rondar\u00e0 els 17,5 milions d&#8217;euros.<\/p>\n","protected":false},"excerpt":{"rendered":"<p>El condicionament de la parcel\u00b7la de Parc Central \u00e9s una de les actuacions que s&#8217;inclouen en la llista d&#8217;Inversions Financerament Sostenibles El condicionament del solar, situat en la parcel\u00b7la M34 en Parc Central, que albergar\u00e0 la futura Ciutat de la Just\u00edcia, continua avan\u00e7ant durant el mes d&#8217;agost. Actualment, s&#8217;est\u00e0 realitzant el desbrossament i moviment de [&hellip;]<\/p>\n","protected":false},"author":4,"featured_media":11852,"comment_status":"closed","ping_status":"open","sticky":false,"template":"","format":"standard","meta":{"_acf_changed":false,"footnotes":""},"categories":[116,133],"tags":[979],"class_list":["post-11850","post","type-post","status-publish","format-standard","has-post-thumbnail","hentry","category-noticies","category-urbanisme","tag-m34palau-de-la-justicia"],"acf":[],"_links":{"self":[{"href":"https:\/\/infotorrent.es\/ca\/wp-json\/wp\/v2\/posts\/11850","targetHints":{"allow":["GET"]}}],"collection":[{"href":"https:\/\/infotorrent.es\/ca\/wp-json\/wp\/v2\/posts"}],"about":[{"href":"https:\/\/infotorrent.es\/ca\/wp-json\/wp\/v2\/types\/post"}],"author":[{"embeddable":true,"href":"https:\/\/infotorrent.es\/ca\/wp-json\/wp\/v2\/users\/4"}],"replies":[{"embeddable":true,"href":"https:\/\/infotorrent.es\/ca\/wp-json\/wp\/v2\/comments?post=11850"}],"version-history":[{"count":0,"href":"https:\/\/infotorrent.es\/ca\/wp-json\/wp\/v2\/posts\/11850\/revisions"}],"wp:featuredmedia":[{"embeddable":true,"href":"https:\/\/infotorrent.es\/ca\/wp-json\/wp\/v2\/media\/11852"}],"wp:attachment":[{"href":"https:\/\/infotorrent.es\/ca\/wp-json\/wp\/v2\/media?parent=11850"}],"wp:term":[{"taxonomy":"category","embeddable":true,"href":"https:\/\/infotorrent.es\/ca\/wp-json\/wp\/v2\/categories?post=11850"},{"taxonomy":"post_tag","embeddable":true,"href":"https:\/\/infotorrent.es\/ca\/wp-json\/wp\/v2\/tags?post=11850"}],"curies":[{"name":"wp","href":"https:\/\/api.w.org\/{rel}","templated":true}]}}