{"id":11838,"date":"2019-08-13T10:42:10","date_gmt":"2019-08-13T10:42:10","guid":{"rendered":"https:\/\/infotorrent.es\/uncategorized\/sinicia-la-installacio-de-la-nova-gespa-dels-camps-del-futbol-del-parc-central\/"},"modified":"2019-08-13T10:44:49","modified_gmt":"2019-08-13T10:44:49","slug":"sinicia-la-installacio-de-la-nova-gespa-dels-camps-del-futbol-del-parc-central","status":"publish","type":"post","link":"https:\/\/infotorrent.es\/ca\/noticies\/sinicia-la-installacio-de-la-nova-gespa-dels-camps-del-futbol-del-parc-central\/","title":{"rendered":"S&#8217;inicia la instal\u00b7laci\u00f3 de la nova gespa dels camps del futbol del Parc Central"},"content":{"rendered":"<p>Despr\u00e9s de realitzar-se les obres de sanejat i reparat la xarxa d&#8217;evacuaci\u00f3 d&#8217;aigua i adequar les superf\u00edcies dels camps de futbol del Parc Central, ahir es va comen\u00e7ar a instal\u00b7lar la nova gespa.<\/p>\n<p>Els camps de futbol en uns dies tornaran a lluir el verd i estaran llestos per a la nova temporada. La nova gespa complir\u00e0 els valors de qualitat, \u00e9s fibra monofilament resistent als raigs UVA, alta resist\u00e8ncia a les temperatures i variacions climatol\u00f2giques.<\/p>\n<p><img fetchpriority=\"high\" decoding=\"async\" class=\"alignnone size-full wp-image-30460\" src=\"https:\/\/www.infotorrent.es\/wp-content\/uploads\/2019\/08\/campo-parc-central-2.jpeg\" alt=\"\" width=\"1600\" height=\"900\" \/><br \/>\nA m\u00e9s, s&#8217;han substitu\u00eft les vidrieres que estaven en mal estat, perqu\u00e8 els clubs puguen gaudir d&#8217;unes instal\u00b7lacions en condicions \u00f2ptimes.<\/p>\n<p>Aquesta renovaci\u00f3 forma part de la llista d&#8217;Inversions Financerament Sostenibles (IFS), obres i millores que s\u00f3n possibles gr\u00e0cies al super\u00e0vit de 4,6 milions d&#8217;euros amb els quals es va tancar l&#8217;exercici de 2017.<\/p>\n","protected":false},"excerpt":{"rendered":"<p>Despr\u00e9s de realitzar-se les obres de sanejat i reparat la xarxa d&#8217;evacuaci\u00f3 d&#8217;aigua i adequar les superf\u00edcies dels camps de futbol del Parc Central, ahir es va comen\u00e7ar a instal\u00b7lar la nova gespa. Els camps de futbol en uns dies tornaran a lluir el verd i estaran llestos per a la nova temporada. La nova [&hellip;]<\/p>\n","protected":false},"author":13,"featured_media":11840,"comment_status":"closed","ping_status":"open","sticky":false,"template":"","format":"standard","meta":{"_acf_changed":false,"footnotes":""},"categories":[116,133],"tags":[],"class_list":["post-11838","post","type-post","status-publish","format-standard","has-post-thumbnail","hentry","category-noticies","category-urbanisme"],"acf":[],"_links":{"self":[{"href":"https:\/\/infotorrent.es\/ca\/wp-json\/wp\/v2\/posts\/11838","targetHints":{"allow":["GET"]}}],"collection":[{"href":"https:\/\/infotorrent.es\/ca\/wp-json\/wp\/v2\/posts"}],"about":[{"href":"https:\/\/infotorrent.es\/ca\/wp-json\/wp\/v2\/types\/post"}],"author":[{"embeddable":true,"href":"https:\/\/infotorrent.es\/ca\/wp-json\/wp\/v2\/users\/13"}],"replies":[{"embeddable":true,"href":"https:\/\/infotorrent.es\/ca\/wp-json\/wp\/v2\/comments?post=11838"}],"version-history":[{"count":0,"href":"https:\/\/infotorrent.es\/ca\/wp-json\/wp\/v2\/posts\/11838\/revisions"}],"wp:featuredmedia":[{"embeddable":true,"href":"https:\/\/infotorrent.es\/ca\/wp-json\/wp\/v2\/media\/11840"}],"wp:attachment":[{"href":"https:\/\/infotorrent.es\/ca\/wp-json\/wp\/v2\/media?parent=11838"}],"wp:term":[{"taxonomy":"category","embeddable":true,"href":"https:\/\/infotorrent.es\/ca\/wp-json\/wp\/v2\/categories?post=11838"},{"taxonomy":"post_tag","embeddable":true,"href":"https:\/\/infotorrent.es\/ca\/wp-json\/wp\/v2\/tags?post=11838"}],"curies":[{"name":"wp","href":"https:\/\/api.w.org\/{rel}","templated":true}]}}