{"id":11715,"date":"2019-07-17T07:30:20","date_gmt":"2019-07-17T07:30:20","guid":{"rendered":"https:\/\/infotorrent.es\/uncategorized\/la-xii-matinal-ciutat-de-torrent-congrega-centenars-de-motos-de-la-comarca\/"},"modified":"2019-07-17T07:28:29","modified_gmt":"2019-07-17T07:28:29","slug":"la-xii-matinal-ciutat-de-torrent-congrega-centenars-de-motos-de-la-comarca","status":"publish","type":"post","link":"https:\/\/infotorrent.es\/ca\/noticies\/la-xii-matinal-ciutat-de-torrent-congrega-centenars-de-motos-de-la-comarca\/","title":{"rendered":"La XII Matinal Ciutat de Torrent congrega centenars de motos de la comarca"},"content":{"rendered":"<p style=\"text-align: justify;\">La XII Matinal motera Ciutat de Torrent, organitzada com cada any pel Grup Custom La Rabosa, va acollir diumenge passat a centenars de moters i moteres de la comarca i de tota Espanya en l&#8217;\u00c0gora del Parc Central, en una jornada festiva de conviv\u00e8ncia a la qual no van faltar l&#8217;alcalde Jes\u00fas Ros i el regidor de festes, Pascual Mart\u00ednez, aix\u00ed com el regidor de Benestar Social, Jos\u00e9 Antonio Castillejo.<\/p>\n<p style=\"text-align: justify;\"><img fetchpriority=\"high\" decoding=\"async\" class=\"size-full wp-image-29582 aligncenter\" src=\"https:\/\/www.infotorrent.es\/wp-content\/uploads\/2019\/07\/untitled.jpg\" alt=\"\" width=\"750\" height=\"562\" \/><\/p>\n<p style=\"text-align: justify;\">Des de la 09.00 h es va poder gaudir d&#8217;aquesta festa motera on van acudir un gran nombre de persones a contemplar aut\u00e8ntiques joies del motor, com un cotxe Highway Patrol en el qual tots els assistents que van voler van poder fer-se les seues fotos. La matinal va acabar amb una festa de l&#8217;espuma, bona m\u00fasica i, sobretot, bon ambient.<\/p>\n","protected":false},"excerpt":{"rendered":"<p>La XII Matinal motera Ciutat de Torrent, organitzada com cada any pel Grup Custom La Rabosa, va acollir diumenge passat a centenars de moters i moteres de la comarca i de tota Espanya en l&#8217;\u00c0gora del Parc Central, en una jornada festiva de conviv\u00e8ncia a la qual no van faltar l&#8217;alcalde Jes\u00fas Ros i el [&hellip;]<\/p>\n","protected":false},"author":3,"featured_media":11717,"comment_status":"closed","ping_status":"open","sticky":false,"template":"","format":"standard","meta":{"_acf_changed":false,"footnotes":""},"categories":[126,116],"tags":[259],"class_list":["post-11715","post","type-post","status-publish","format-standard","has-post-thumbnail","hentry","category-cultura-es-2","category-noticies","tag-ajuntament-de-torrenttorrent"],"acf":[],"_links":{"self":[{"href":"https:\/\/infotorrent.es\/ca\/wp-json\/wp\/v2\/posts\/11715","targetHints":{"allow":["GET"]}}],"collection":[{"href":"https:\/\/infotorrent.es\/ca\/wp-json\/wp\/v2\/posts"}],"about":[{"href":"https:\/\/infotorrent.es\/ca\/wp-json\/wp\/v2\/types\/post"}],"author":[{"embeddable":true,"href":"https:\/\/infotorrent.es\/ca\/wp-json\/wp\/v2\/users\/3"}],"replies":[{"embeddable":true,"href":"https:\/\/infotorrent.es\/ca\/wp-json\/wp\/v2\/comments?post=11715"}],"version-history":[{"count":0,"href":"https:\/\/infotorrent.es\/ca\/wp-json\/wp\/v2\/posts\/11715\/revisions"}],"wp:featuredmedia":[{"embeddable":true,"href":"https:\/\/infotorrent.es\/ca\/wp-json\/wp\/v2\/media\/11717"}],"wp:attachment":[{"href":"https:\/\/infotorrent.es\/ca\/wp-json\/wp\/v2\/media?parent=11715"}],"wp:term":[{"taxonomy":"category","embeddable":true,"href":"https:\/\/infotorrent.es\/ca\/wp-json\/wp\/v2\/categories?post=11715"},{"taxonomy":"post_tag","embeddable":true,"href":"https:\/\/infotorrent.es\/ca\/wp-json\/wp\/v2\/tags?post=11715"}],"curies":[{"name":"wp","href":"https:\/\/api.w.org\/{rel}","templated":true}]}}