{"id":11548,"date":"2019-06-17T13:44:52","date_gmt":"2019-06-17T13:44:52","guid":{"rendered":"https:\/\/infotorrent.es\/uncategorized\/els-moros-i-cristians-celebren-sant-joan-2\/"},"modified":"2019-06-17T13:44:08","modified_gmt":"2019-06-17T13:44:08","slug":"els-moros-i-cristians-celebren-sant-joan-2","status":"publish","type":"post","link":"https:\/\/infotorrent.es\/ca\/noticies\/els-moros-i-cristians-celebren-sant-joan-2\/","title":{"rendered":"Els Moros i Cristians celebren Sant Joan"},"content":{"rendered":"<p style=\"text-align: justify;\">Els Moros i Cristians de Torrent es preparen per a les festes de final de juliol i ho fan amb la tradicional festa de Sant Joan, que va reunir milers de festers al peu de la Torre en un sopar de germanor i una revetla. Com a acte previ, va tindre lloc el lliurament dels premis dels concursos de dibuix i cartell, que van entregar l\u2019alcalde en funcions Jes\u00fas Ros i el regidor de Festes en funcions, Jos\u00e9 Antonio Castillejo, a m\u00e9s del president de la Federaci\u00f3 de Moros i Cristians, Xavi Santamar\u00eda. La proposta de\u00a0<em>Borque Brothers Illustration<\/em>\u00a0ha sigut la guanyadora del certamen i ser\u00e0, a m\u00e9s, la portada del llibre de festes. Per la seua part, el disseny de Sofia G\u00f3mez Sapena, alumna del col\u00b7legi Mar\u00eda Auxiliadora, fou el dibuix guanyador de la categoria escolar de 10 a 13 anys i el de Paula Cuenca Posada, del col\u00b7legi La Pur\u00edsima, el de 6 a 9 anys.<\/p>\n","protected":false},"excerpt":{"rendered":"<p>Els Moros i Cristians de Torrent es preparen per a les festes de final de juliol i ho fan amb la tradicional festa de Sant Joan, que va reunir milers de festers al peu de la Torre en un sopar de germanor i una revetla. Com a acte previ, va tindre lloc el lliurament dels [&hellip;]<\/p>\n","protected":false},"author":3,"featured_media":1137,"comment_status":"closed","ping_status":"open","sticky":false,"template":"","format":"standard","meta":{"_acf_changed":false,"footnotes":""},"categories":[156,116],"tags":[],"class_list":["post-11548","post","type-post","status-publish","format-standard","has-post-thumbnail","hentry","category-festes-i-tradicions-2","category-noticies"],"acf":[],"_links":{"self":[{"href":"https:\/\/infotorrent.es\/ca\/wp-json\/wp\/v2\/posts\/11548","targetHints":{"allow":["GET"]}}],"collection":[{"href":"https:\/\/infotorrent.es\/ca\/wp-json\/wp\/v2\/posts"}],"about":[{"href":"https:\/\/infotorrent.es\/ca\/wp-json\/wp\/v2\/types\/post"}],"author":[{"embeddable":true,"href":"https:\/\/infotorrent.es\/ca\/wp-json\/wp\/v2\/users\/3"}],"replies":[{"embeddable":true,"href":"https:\/\/infotorrent.es\/ca\/wp-json\/wp\/v2\/comments?post=11548"}],"version-history":[{"count":0,"href":"https:\/\/infotorrent.es\/ca\/wp-json\/wp\/v2\/posts\/11548\/revisions"}],"wp:featuredmedia":[{"embeddable":true,"href":"https:\/\/infotorrent.es\/ca\/wp-json\/wp\/v2\/media\/1137"}],"wp:attachment":[{"href":"https:\/\/infotorrent.es\/ca\/wp-json\/wp\/v2\/media?parent=11548"}],"wp:term":[{"taxonomy":"category","embeddable":true,"href":"https:\/\/infotorrent.es\/ca\/wp-json\/wp\/v2\/categories?post=11548"},{"taxonomy":"post_tag","embeddable":true,"href":"https:\/\/infotorrent.es\/ca\/wp-json\/wp\/v2\/tags?post=11548"}],"curies":[{"name":"wp","href":"https:\/\/api.w.org\/{rel}","templated":true}]}}