{"id":11500,"date":"2019-06-11T13:17:23","date_gmt":"2019-06-11T13:17:23","guid":{"rendered":"https:\/\/infotorrent.es\/uncategorized\/la-falla-segon-tram-homenatja-la-mare-de-deu-dels-desemparats-amb-una-missa-i-processo\/"},"modified":"2019-06-11T13:19:41","modified_gmt":"2019-06-11T13:19:41","slug":"la-falla-segon-tram-homenatja-la-mare-de-deu-dels-desemparats-amb-una-missa-i-processo","status":"publish","type":"post","link":"https:\/\/infotorrent.es\/ca\/noticies\/la-falla-segon-tram-homenatja-la-mare-de-deu-dels-desemparats-amb-una-missa-i-processo\/","title":{"rendered":"La falla Segon Tram homenatja la Mare de D\u00e9u dels Desemparats amb una missa i process\u00f3"},"content":{"rendered":"<p>La falla Segon Tram va celebrar diumenge a la vesprada la tradicional festivitat en honor a la Mare de D\u00e9u dels Desemparats, que va comen\u00e7ar amb una missa en la pla\u00e7a de la Llibertat. A continuaci\u00f3, va tindre lloc una process\u00f3 per l\u2019avinguda al Vedat, en la qual van participar els fallers i les falleres de la comissi\u00f3, acompanyats per la falleres majors de Torrent, Carmen Raga Ort\u00ed i Leyre Gallego Ru\u00edz; els representants de totes les falles torrentines, l&#8217;alcalde, Jes\u00fas Ros, el regidor de Falles en funcions, Jos\u00e9 Antonio Castillejo, i els membres de la corporaci\u00f3 municipal. Un castell de focs artificials va posar el punt final a la festivitat.<\/p>\n<p><img fetchpriority=\"high\" decoding=\"async\" class=\"size-full wp-image-28007 aligncenter\" src=\"https:\/\/www.infotorrent.es\/wp-content\/uploads\/2019\/06\/Segon-Tram4.jpg\" alt=\"\" width=\"700\" height=\"467\" \/><\/p>\n<p><img decoding=\"async\" class=\"size-full wp-image-28005 aligncenter\" src=\"https:\/\/www.infotorrent.es\/wp-content\/uploads\/2019\/06\/Segon-Tram3.jpg\" alt=\"\" width=\"700\" height=\"467\" \/><\/p>\n<p><img decoding=\"async\" class=\"size-full wp-image-28003 aligncenter\" src=\"https:\/\/www.infotorrent.es\/wp-content\/uploads\/2019\/06\/Segon-Tram2.jpg\" alt=\"\" width=\"700\" height=\"467\" \/><\/p>\n<p><img loading=\"lazy\" decoding=\"async\" class=\"size-full wp-image-28001 aligncenter\" src=\"https:\/\/www.infotorrent.es\/wp-content\/uploads\/2019\/06\/Segon-Tram1.jpg\" alt=\"\" width=\"700\" height=\"467\" \/><\/p>\n","protected":false},"excerpt":{"rendered":"<p>La falla Segon Tram va celebrar diumenge a la vesprada la tradicional festivitat en honor a la Mare de D\u00e9u dels Desemparats, que va comen\u00e7ar amb una missa en la pla\u00e7a de la Llibertat. A continuaci\u00f3, va tindre lloc una process\u00f3 per l\u2019avinguda al Vedat, en la qual van participar els fallers i les falleres [&hellip;]<\/p>\n","protected":false},"author":9,"featured_media":11502,"comment_status":"closed","ping_status":"open","sticky":false,"template":"","format":"standard","meta":{"_acf_changed":false,"footnotes":""},"categories":[156,116],"tags":[],"class_list":["post-11500","post","type-post","status-publish","format-standard","has-post-thumbnail","hentry","category-festes-i-tradicions-2","category-noticies"],"acf":[],"_links":{"self":[{"href":"https:\/\/infotorrent.es\/ca\/wp-json\/wp\/v2\/posts\/11500","targetHints":{"allow":["GET"]}}],"collection":[{"href":"https:\/\/infotorrent.es\/ca\/wp-json\/wp\/v2\/posts"}],"about":[{"href":"https:\/\/infotorrent.es\/ca\/wp-json\/wp\/v2\/types\/post"}],"author":[{"embeddable":true,"href":"https:\/\/infotorrent.es\/ca\/wp-json\/wp\/v2\/users\/9"}],"replies":[{"embeddable":true,"href":"https:\/\/infotorrent.es\/ca\/wp-json\/wp\/v2\/comments?post=11500"}],"version-history":[{"count":0,"href":"https:\/\/infotorrent.es\/ca\/wp-json\/wp\/v2\/posts\/11500\/revisions"}],"wp:featuredmedia":[{"embeddable":true,"href":"https:\/\/infotorrent.es\/ca\/wp-json\/wp\/v2\/media\/11502"}],"wp:attachment":[{"href":"https:\/\/infotorrent.es\/ca\/wp-json\/wp\/v2\/media?parent=11500"}],"wp:term":[{"taxonomy":"category","embeddable":true,"href":"https:\/\/infotorrent.es\/ca\/wp-json\/wp\/v2\/categories?post=11500"},{"taxonomy":"post_tag","embeddable":true,"href":"https:\/\/infotorrent.es\/ca\/wp-json\/wp\/v2\/tags?post=11500"}],"curies":[{"name":"wp","href":"https:\/\/api.w.org\/{rel}","templated":true}]}}