{"id":11488,"date":"2019-06-11T09:19:53","date_gmt":"2019-06-11T09:19:53","guid":{"rendered":"https:\/\/infotorrent.es\/uncategorized\/exit-de-participacio-en-la-mostra-empresarial-de-torrent\/"},"modified":"2019-06-11T09:22:06","modified_gmt":"2019-06-11T09:22:06","slug":"exit-de-participacio-en-la-mostra-empresarial-de-torrent","status":"publish","type":"post","link":"https:\/\/infotorrent.es\/ca\/noticies\/exit-de-participacio-en-la-mostra-empresarial-de-torrent\/","title":{"rendered":"\u00c8xit de participaci\u00f3 en la Mostra Empresarial de Torrent"},"content":{"rendered":"<p style=\"text-align: justify;\"><strong>M\u00e9s de setanta empreses, negocis i comer\u00e7os de la ciutat van participar oferint promocions, descomptes i ofertes<\/strong><\/p>\n<p style=\"text-align: justify;\">Durant el divendres i dissabte, el primer tram de l&#8217;avinguda Al Vedat va acollir la Mostra Empresarial 2019, una gran fira comercial en la qual van participar m\u00e9s de setanta empreses, negocis i comer\u00e7os de Torrent. Organitzada per ACST (Associaci\u00f3 de Comerciants i Serveis de Torrent) i en col\u00b7laboraci\u00f3 amb l&#8217;Ajuntament de Torrent a trav\u00e9s de l&#8217;empresa municipal Idea\u2019t, Caixa Popular, Caixa Rural de Torrent \u2013 Grup Cooperatiu Cajamar, Cases de Dret Advocats i Confecomer\u00e7 CV, l&#8217;esdeveniment va comptar amb un gran nombre d&#8217;ofertes exclusives i descomptes d&#8217;un gran ventall de productes com a roba, complements, assegurances i diferents serveis.<\/p>\n<p style=\"text-align: justify;\">Per part seua, el p\u00fablic infantil va poder gaudir d&#8217;animacions com \u201cLa casa de Mickey Mouse\u201d, l&#8217;espectacle de la pel\u00b7l\u00edcula \u201cToy Story 4\u201d, el xou matut\u00ed de \u201cBob Esponja\u201d, aix\u00ed com multitud de tallers pintacares, contacontes, papiroflexia o sessions de tatuatges infantils.<\/p>\n<p><img fetchpriority=\"high\" decoding=\"async\" class=\"alignnone size-full wp-image-27954\" src=\"https:\/\/www.infotorrent.es\/wp-content\/uploads\/2019\/06\/Muestra-1.jpg\" alt=\"\" width=\"900\" height=\"600\" \/><\/p>\n","protected":false},"excerpt":{"rendered":"<p>M\u00e9s de setanta empreses, negocis i comer\u00e7os de la ciutat van participar oferint promocions, descomptes i ofertes Durant el divendres i dissabte, el primer tram de l&#8217;avinguda Al Vedat va acollir la Mostra Empresarial 2019, una gran fira comercial en la qual van participar m\u00e9s de setanta empreses, negocis i comer\u00e7os de Torrent. Organitzada per [&hellip;]<\/p>\n","protected":false},"author":13,"featured_media":11490,"comment_status":"closed","ping_status":"open","sticky":false,"template":"","format":"standard","meta":{"_acf_changed":false,"footnotes":""},"categories":[120,116],"tags":[],"class_list":["post-11488","post","type-post","status-publish","format-standard","has-post-thumbnail","hentry","category-economia","category-noticies"],"acf":[],"_links":{"self":[{"href":"https:\/\/infotorrent.es\/ca\/wp-json\/wp\/v2\/posts\/11488","targetHints":{"allow":["GET"]}}],"collection":[{"href":"https:\/\/infotorrent.es\/ca\/wp-json\/wp\/v2\/posts"}],"about":[{"href":"https:\/\/infotorrent.es\/ca\/wp-json\/wp\/v2\/types\/post"}],"author":[{"embeddable":true,"href":"https:\/\/infotorrent.es\/ca\/wp-json\/wp\/v2\/users\/13"}],"replies":[{"embeddable":true,"href":"https:\/\/infotorrent.es\/ca\/wp-json\/wp\/v2\/comments?post=11488"}],"version-history":[{"count":0,"href":"https:\/\/infotorrent.es\/ca\/wp-json\/wp\/v2\/posts\/11488\/revisions"}],"wp:featuredmedia":[{"embeddable":true,"href":"https:\/\/infotorrent.es\/ca\/wp-json\/wp\/v2\/media\/11490"}],"wp:attachment":[{"href":"https:\/\/infotorrent.es\/ca\/wp-json\/wp\/v2\/media?parent=11488"}],"wp:term":[{"taxonomy":"category","embeddable":true,"href":"https:\/\/infotorrent.es\/ca\/wp-json\/wp\/v2\/categories?post=11488"},{"taxonomy":"post_tag","embeddable":true,"href":"https:\/\/infotorrent.es\/ca\/wp-json\/wp\/v2\/tags?post=11488"}],"curies":[{"name":"wp","href":"https:\/\/api.w.org\/{rel}","templated":true}]}}