{"id":11090,"date":"2019-04-01T13:41:09","date_gmt":"2019-04-01T13:41:09","guid":{"rendered":"https:\/\/infotorrent.es\/uncategorized\/torrent-comercial-mostra-les-tendencies-de-moda-per-a-aquest-estiu\/"},"modified":"2019-04-01T13:33:00","modified_gmt":"2019-04-01T13:33:00","slug":"torrent-comercial-mostra-les-tendencies-de-moda-per-a-aquest-estiu","status":"publish","type":"post","link":"https:\/\/infotorrent.es\/ca\/noticies\/torrent-comercial-mostra-les-tendencies-de-moda-per-a-aquest-estiu\/","title":{"rendered":"Torrent Comercial mostra les tend\u00e8ncies de moda per a aquest estiu"},"content":{"rendered":"<p style=\"text-align: justify;\"><strong>La pla\u00e7a de la Llibertat acull una nova edici\u00f3 de la passarel\u00b7la dels comer\u00e7os i negocis de la ciutat<\/strong><\/p>\n<p style=\"text-align: justify;\">L&#8217;associaci\u00f3 de comerciants Torrent Comercial va celebrar dissabte passat una nova edici\u00f3 de la seua passarel\u00b7la de moda, com a mostra de les tend\u00e8ncies d&#8217;esta primavera i estiu. Un p\u00fablic nombr\u00f3s, entre els qui es trobava l&#8217;alcalde Jes\u00fas Ros, el regidor de Gesti\u00f3 de Recursos, Andr\u00e9s Campos, al costat d&#8217;altres membres de la corporaci\u00f3 municipal, va con\u00e9ixer les tend\u00e8ncies, no solament en moda de tots els sectors, sin\u00f3 tamb\u00e9 en perruqueria i est\u00e8tica que ofereixen els comer\u00e7os i negocis de la capital de l&#8217;Horta Sud.<\/p>\n<p style=\"text-align: justify;\"><img fetchpriority=\"high\" decoding=\"async\" class=\"size-full wp-image-25606 aligncenter\" src=\"https:\/\/www.infotorrent.es\/wp-content\/uploads\/2019\/04\/pasarela-comercial-1.jpg\" alt=\"\" width=\"750\" height=\"500\" \/><\/p>\n<p style=\"text-align: justify;\">Per a l&#8217;alcalde Jes\u00fas Ros, la passarel\u00b7la Torrent Comercial, en la qual col\u00b7labora l&#8217;empresa municipal Idea\u2019t, <strong>\u201c\u00e9s una mostra m\u00e9s que els comer\u00e7os dels nostres barris ofereixen de tot i s\u00f3n la millor opci\u00f3 per a realitzar les nostres compres\u201d<\/strong>. A m\u00e9s de les desfilades, la vetlada va comptar amb actuacions de la m\u00e0 de l&#8217;Acad\u00e8mia de Ball Luis &amp; Ventura i de l&#8217;Escola de Ball Malaika.<\/p>\n<p><img decoding=\"async\" class=\"size-full wp-image-25608 aligncenter\" src=\"https:\/\/www.infotorrent.es\/wp-content\/uploads\/2019\/04\/pasarela-comercial-4.jpg\" alt=\"\" width=\"750\" height=\"500\" \/><\/p>\n","protected":false},"excerpt":{"rendered":"<p>La pla\u00e7a de la Llibertat acull una nova edici\u00f3 de la passarel\u00b7la dels comer\u00e7os i negocis de la ciutat L&#8217;associaci\u00f3 de comerciants Torrent Comercial va celebrar dissabte passat una nova edici\u00f3 de la seua passarel\u00b7la de moda, com a mostra de les tend\u00e8ncies d&#8217;esta primavera i estiu. Un p\u00fablic nombr\u00f3s, entre els qui es trobava [&hellip;]<\/p>\n","protected":false},"author":3,"featured_media":11092,"comment_status":"closed","ping_status":"open","sticky":false,"template":"","format":"standard","meta":{"_acf_changed":false,"footnotes":""},"categories":[120,116],"tags":[259],"class_list":["post-11090","post","type-post","status-publish","format-standard","has-post-thumbnail","hentry","category-economia","category-noticies","tag-ajuntament-de-torrenttorrent"],"acf":[],"_links":{"self":[{"href":"https:\/\/infotorrent.es\/ca\/wp-json\/wp\/v2\/posts\/11090","targetHints":{"allow":["GET"]}}],"collection":[{"href":"https:\/\/infotorrent.es\/ca\/wp-json\/wp\/v2\/posts"}],"about":[{"href":"https:\/\/infotorrent.es\/ca\/wp-json\/wp\/v2\/types\/post"}],"author":[{"embeddable":true,"href":"https:\/\/infotorrent.es\/ca\/wp-json\/wp\/v2\/users\/3"}],"replies":[{"embeddable":true,"href":"https:\/\/infotorrent.es\/ca\/wp-json\/wp\/v2\/comments?post=11090"}],"version-history":[{"count":0,"href":"https:\/\/infotorrent.es\/ca\/wp-json\/wp\/v2\/posts\/11090\/revisions"}],"wp:featuredmedia":[{"embeddable":true,"href":"https:\/\/infotorrent.es\/ca\/wp-json\/wp\/v2\/media\/11092"}],"wp:attachment":[{"href":"https:\/\/infotorrent.es\/ca\/wp-json\/wp\/v2\/media?parent=11090"}],"wp:term":[{"taxonomy":"category","embeddable":true,"href":"https:\/\/infotorrent.es\/ca\/wp-json\/wp\/v2\/categories?post=11090"},{"taxonomy":"post_tag","embeddable":true,"href":"https:\/\/infotorrent.es\/ca\/wp-json\/wp\/v2\/tags?post=11090"}],"curies":[{"name":"wp","href":"https:\/\/api.w.org\/{rel}","templated":true}]}}