{"id":11074,"date":"2019-03-28T14:04:16","date_gmt":"2019-03-28T14:04:16","guid":{"rendered":"https:\/\/infotorrent.es\/uncategorized\/publiquen-el-calendari-dadmissio-dels-centres-docents-de-torrent\/"},"modified":"2019-03-28T14:02:23","modified_gmt":"2019-03-28T14:02:23","slug":"publiquen-el-calendari-dadmissio-dels-centres-docents-de-torrent","status":"publish","type":"post","link":"https:\/\/infotorrent.es\/ca\/noticies\/publiquen-el-calendari-dadmissio-dels-centres-docents-de-torrent\/","title":{"rendered":"Publiquen el calendari d&#8217;admissi\u00f3 dels centres docents de Torrent"},"content":{"rendered":"<p><strong>L&#8217;Ajuntament celebrar\u00e0 reunions amb les fam\u00edlies dels xiquets i xiquetes que s&#8217;incorporen al sistema educatiu<\/strong><\/p>\n<p>La Conselleria d&#8217;Educaci\u00f3 ha fet publique el calendari d&#8217;admissi\u00f3 de l&#8217;alumnat dels centres docents p\u00fablics i concertats de la Comunitat Valenciana que imparteixen ensenyaments d&#8217;Educaci\u00f3 Infantil, Prim\u00e0ria, Secund\u00e0ria i Batxillerat per al curs 2019-2020. El calendari \u00e9s el seg\u00fcent:<\/p>\n<p>Infantil i prim\u00e0ria:<br \/>\n&#8211; Del 9 al 17 de maig: Presentaci\u00f3 de sol\u00b7licituds.<br \/>\n&#8211; 30 de maig: Publicaci\u00f3 de les llistes provisionals.<br \/>\n&#8211; Del 30 de maig al 3 de juny: Per\u00edode de reclamacions.<br \/>\n&#8211; 12 de juny: Llistes definitives<br \/>\n&#8211; Del 13 de juny al 3 de juliol: Formalitzaci\u00f3 de matr\u00edcula.<\/p>\n<p>Secund\u00e0ria i Batxillerat:<br \/>\n&#8211; Del 21 al 30 de maig: Presentaci\u00f3 de sol\u00b7licituds.<br \/>\n&#8211; 11 juliol: Publicaci\u00f3 de llistes provisionals.<br \/>\n&#8211; De l&#8217;11 al 15 de juliol: Per\u00edode de reclamacions.<br \/>\n&#8211; 18 de juliol: Llistes definitives.<br \/>\n&#8211; Del 19 al 26 de juliol: Formalitzaci\u00f3 de matr\u00edcula<\/p>\n<p>En relaci\u00f3 als col\u00b7legis i instituts p\u00fablics i concertats de la ciutat, la delegaci\u00f3 de l&#8217;Ajuntament de Torrent ha publicat la relaci\u00f3 de jornades de portes obertes, que est\u00e0 disponible en el departament d&#8217;Educaci\u00f3 de la web municipal <a href=\"http:\/\/www.torrent.es\" target=\"_blank\" rel=\"noopener\">www.torrent.es<\/a><\/p>\n<p>A m\u00e9s, segons ha assenyalat la regidora d&#8217;Educaci\u00f3, Patricia S\u00e1ez, \u201cs&#8217;han organitzat reunions amb les fam\u00edlies els fills i les filles de les quals s&#8217;incorporen el curs que ve al sistema educatiu (de 0 a 3 anys), per a acompanyar i facilitar el proc\u00e9s d&#8217;incorporaci\u00f3 dels xiquets i xiquetes al sistema educatiu\u201d. Les trobades est\u00e0 previst que tinguen lloc al maig, abans d&#8217;iniciar el proc\u00e9s d&#8217;admissi\u00f3.<\/p>\n","protected":false},"excerpt":{"rendered":"<p>L&#8217;Ajuntament celebrar\u00e0 reunions amb les fam\u00edlies dels xiquets i xiquetes que s&#8217;incorporen al sistema educatiu La Conselleria d&#8217;Educaci\u00f3 ha fet publique el calendari d&#8217;admissi\u00f3 de l&#8217;alumnat dels centres docents p\u00fablics i concertats de la Comunitat Valenciana que imparteixen ensenyaments d&#8217;Educaci\u00f3 Infantil, Prim\u00e0ria, Secund\u00e0ria i Batxillerat per al curs 2019-2020. El calendari \u00e9s el seg\u00fcent: Infantil [&hellip;]<\/p>\n","protected":false},"author":3,"featured_media":1137,"comment_status":"closed","ping_status":"open","sticky":false,"template":"","format":"standard","meta":{"_acf_changed":false,"footnotes":""},"categories":[121,116],"tags":[],"class_list":["post-11074","post","type-post","status-publish","format-standard","has-post-thumbnail","hentry","category-educacio","category-noticies"],"acf":[],"_links":{"self":[{"href":"https:\/\/infotorrent.es\/ca\/wp-json\/wp\/v2\/posts\/11074","targetHints":{"allow":["GET"]}}],"collection":[{"href":"https:\/\/infotorrent.es\/ca\/wp-json\/wp\/v2\/posts"}],"about":[{"href":"https:\/\/infotorrent.es\/ca\/wp-json\/wp\/v2\/types\/post"}],"author":[{"embeddable":true,"href":"https:\/\/infotorrent.es\/ca\/wp-json\/wp\/v2\/users\/3"}],"replies":[{"embeddable":true,"href":"https:\/\/infotorrent.es\/ca\/wp-json\/wp\/v2\/comments?post=11074"}],"version-history":[{"count":0,"href":"https:\/\/infotorrent.es\/ca\/wp-json\/wp\/v2\/posts\/11074\/revisions"}],"wp:featuredmedia":[{"embeddable":true,"href":"https:\/\/infotorrent.es\/ca\/wp-json\/wp\/v2\/media\/1137"}],"wp:attachment":[{"href":"https:\/\/infotorrent.es\/ca\/wp-json\/wp\/v2\/media?parent=11074"}],"wp:term":[{"taxonomy":"category","embeddable":true,"href":"https:\/\/infotorrent.es\/ca\/wp-json\/wp\/v2\/categories?post=11074"},{"taxonomy":"post_tag","embeddable":true,"href":"https:\/\/infotorrent.es\/ca\/wp-json\/wp\/v2\/tags?post=11074"}],"curies":[{"name":"wp","href":"https:\/\/api.w.org\/{rel}","templated":true}]}}