{"id":11049,"date":"2019-03-25T14:09:10","date_gmt":"2019-03-25T14:09:10","guid":{"rendered":"https:\/\/infotorrent.es\/uncategorized\/el-barri-sant-gregori-ret-homenatge-al-pare-gerardo\/"},"modified":"2019-03-25T14:14:24","modified_gmt":"2019-03-25T14:14:24","slug":"el-barri-sant-gregori-ret-homenatge-al-pare-gerardo","status":"publish","type":"post","link":"https:\/\/infotorrent.es\/ca\/noticies\/el-barri-sant-gregori-ret-homenatge-al-pare-gerardo\/","title":{"rendered":"El barri Sant Gregori ret homenatge al Pare Gerardo"},"content":{"rendered":"<p><strong>El pati interior de la barriada rep el nom del religi\u00f3s Gerardo S\u00e1nchez, que va morir el passat 7 de mar\u00e7<\/strong><\/p>\n<p><strong>El pare Gerardo va ser nomenat Fill Adoptiu de la ciutat en 2017 i havia rebut el Premi Carta de Poblament en 2013<\/strong><\/p>\n<p style=\"text-align: justify;\">El religi\u00f3s dominic pare Gerardo S\u00e1nchez Mielgo va rebre diumenge passat l&#8217;homenatge p\u00f2stum del barri Sant Gregori. Despr\u00e9s de la seua defunci\u00f3 el passat 7 de mar\u00e7, els ve\u00efns del barri van rendir tribut a un dels principals impulsors de la comunitat de la barriada, de l&#8217;associaci\u00f3 de ve\u00efns, aix\u00ed com de la falla, com a lloc de trobada entre ve\u00efns. Despr\u00e9s de la celebraci\u00f3 d&#8217;una missa es van descobrir dos xicotets taulells, un amb el rostre del Pare Gerardo, que donar\u00e0 nom al pati interior, i un altre amb el distintiu del barri i el detall de la seua fundaci\u00f3 l&#8217;any 1964, en l&#8217;entrada.<\/p>\n<p style=\"text-align: justify;\">Durant l&#8217;acte, que va comptar amb la participaci\u00f3 de desenes de persones, l&#8217;alcalde Jes\u00fas Ros va agrair el treball i la dedicaci\u00f3 del pare Gerardo a Torrent des de la seua arribada a la nostra ciutat i va destacar que l&#8217;homenatge i el tribut del diumenge <strong>\u201cno \u00e9s nom\u00e9s dels ve\u00efns del barri de Sant Gregori sin\u00f3 de tots els ve\u00efns de la ciutat, pels quals el pare Gerardo va treballar sense descans\u201d<\/strong>.<\/p>\n<p style=\"text-align: justify;\">Per part seua, el prior del Convent dels Dominics del Vedat, Jos\u00e9 Antonio Mart\u00ednez Puche, va fer rep\u00e0s a la vida i a la traject\u00f2ria del pare Gerardo i va ressaltar que, malgrat la seua defunci\u00f3, l&#8217;esperit i la personalitat del religi\u00f3s quedaran vius en el barri Sant Gregori.<\/p>\n<p style=\"text-align: justify;\">El president de l&#8217;associaci\u00f3 de ve\u00efns Pintor Benedito, Andr\u00e9s Mena, va dedicar tamb\u00e9 unes emocionades paraules, destacant<strong> \u201cla seua preocupaci\u00f3 permanent pels necessitats i els malalts i la seua pres\u00e8ncia i disposici\u00f3 permanent cap a qualsevol persona que demanava el seu consell i suport\u201d<\/strong>.<\/p>\n<p style=\"text-align: justify;\">En el transcurs de l&#8217;acte, es va projectar un v\u00eddeo elaborat pel departament de Comunicaci\u00f3 de l&#8217;Ajuntament de Torrent, que relata la hist\u00f2ria i l&#8217;evoluci\u00f3 tant del barri Sant Gregori com la pres\u00e8ncia de la Fundaci\u00f3 Llars Sant Mart\u00ed de Porres per a transe\u00fcnts cr\u00f2nics a Torrent, amb els testimoniatges tant del propi pare Gerardo com d&#8217;un bon nombre de persones de diferents \u00e0mbits que el van con\u00e9ixer i van col\u00b7laborar amb ell en les seues moltes implicacions.<\/p>\n<p style=\"text-align: justify;\">El religi\u00f3s va morir el passat 7 de mar\u00e7 a Torrent als 82 anys. Lleon\u00e9s de naixement, va destacar pel seu comprom\u00eds amb la societat civil de Torrent i especialment amb els necessitats. Al maig de 2017, el ple de l&#8217;Ajuntament de Torrent va aprovar per unanimitat nomenar al pare Gerardo Fill Adoptiu de la ciutat, com a reconeixement a la seua traject\u00f2ria de m\u00e9s de cinquanta anys a Torrent i a la seua labor social. L&#8217;any 2013, va rebre el Premi Carta de Poblament per l&#8217;impuls a Torrent de la iniciativa de Llars de Sant Mart\u00ed de Porres i Santa Rosa de Lima, per a la reinserci\u00f3 de transe\u00fcnts cr\u00f2nics. Va ser a m\u00e9s impulsor del barri Sant Gregori, per exemple, amb la creaci\u00f3 de la falla, que va fomentar la uni\u00f3 entre els ve\u00efns i ve\u00efnes.<\/p>\n<p style=\"text-align: justify;\">Gerardo S\u00e1nchez Mielgo va n\u00e0ixer el 6 de maig de 1937 en San Feli\u00e7 de \u00d3rbigo (Lle\u00f3). Als onze anys va ingressar en el seminari on va estudiar Llat\u00ed i Humanitats i, posteriorment, Filosofia, i va ser ordenat sacerdot en 1961. Va continuar els estudis de teologia a Roma, on es va especialitzar en Ci\u00e8ncies B\u00edbliques i va obtindre el t\u00edtol de batxiller en Sagrada Escriptura. Seguidament, va estar dos anys a Jerusalem on es va llicenciar en Sagrada Escriptura. De tornada a Roma, va obtindre el t\u00edtol de doctor en Teologia i va ser destinat al convent de l&#8217;orde dels dominics en el Vedat de Torrent, moment en qu\u00e8 comen\u00e7a la seua hist\u00f2ria a la nostra ciutat.<\/p>\n<p><img fetchpriority=\"high\" decoding=\"async\" class=\"size-full wp-image-25327 aligncenter\" src=\"https:\/\/www.infotorrent.es\/wp-content\/uploads\/2019\/03\/padre-gerardo-7.jpg\" alt=\"\" width=\"700\" height=\"467\" \/><\/p>\n<p><img decoding=\"async\" class=\"size-full wp-image-25316 aligncenter\" src=\"https:\/\/www.infotorrent.es\/wp-content\/uploads\/2019\/03\/padre-gerardo-2.jpg\" alt=\"\" width=\"700\" height=\"467\" \/><\/p>\n<p><img decoding=\"async\" class=\"size-full wp-image-25323 aligncenter\" src=\"https:\/\/www.infotorrent.es\/wp-content\/uploads\/2019\/03\/padre-gerardo-5.jpg\" alt=\"\" width=\"700\" height=\"467\" \/><\/p>\n<p><img loading=\"lazy\" decoding=\"async\" class=\"size-full wp-image-25321 aligncenter\" src=\"https:\/\/www.infotorrent.es\/wp-content\/uploads\/2019\/03\/padre-gerardo-4.jpg\" alt=\"\" width=\"700\" height=\"467\" \/><\/p>\n<p><img loading=\"lazy\" decoding=\"async\" class=\"size-full wp-image-25318 aligncenter\" src=\"https:\/\/www.infotorrent.es\/wp-content\/uploads\/2019\/03\/padre-gerardo-3.jpg\" alt=\"\" width=\"700\" height=\"467\" \/><\/p>\n","protected":false},"excerpt":{"rendered":"<p>El pati interior de la barriada rep el nom del religi\u00f3s Gerardo S\u00e1nchez, que va morir el passat 7 de mar\u00e7 El pare Gerardo va ser nomenat Fill Adoptiu de la ciutat en 2017 i havia rebut el Premi Carta de Poblament en 2013 El religi\u00f3s dominic pare Gerardo S\u00e1nchez Mielgo va rebre diumenge passat [&hellip;]<\/p>\n","protected":false},"author":9,"featured_media":11051,"comment_status":"closed","ping_status":"open","sticky":false,"template":"","format":"standard","meta":{"_acf_changed":false,"footnotes":""},"categories":[116],"tags":[],"class_list":["post-11049","post","type-post","status-publish","format-standard","has-post-thumbnail","hentry","category-noticies"],"acf":[],"_links":{"self":[{"href":"https:\/\/infotorrent.es\/ca\/wp-json\/wp\/v2\/posts\/11049","targetHints":{"allow":["GET"]}}],"collection":[{"href":"https:\/\/infotorrent.es\/ca\/wp-json\/wp\/v2\/posts"}],"about":[{"href":"https:\/\/infotorrent.es\/ca\/wp-json\/wp\/v2\/types\/post"}],"author":[{"embeddable":true,"href":"https:\/\/infotorrent.es\/ca\/wp-json\/wp\/v2\/users\/9"}],"replies":[{"embeddable":true,"href":"https:\/\/infotorrent.es\/ca\/wp-json\/wp\/v2\/comments?post=11049"}],"version-history":[{"count":0,"href":"https:\/\/infotorrent.es\/ca\/wp-json\/wp\/v2\/posts\/11049\/revisions"}],"wp:featuredmedia":[{"embeddable":true,"href":"https:\/\/infotorrent.es\/ca\/wp-json\/wp\/v2\/media\/11051"}],"wp:attachment":[{"href":"https:\/\/infotorrent.es\/ca\/wp-json\/wp\/v2\/media?parent=11049"}],"wp:term":[{"taxonomy":"category","embeddable":true,"href":"https:\/\/infotorrent.es\/ca\/wp-json\/wp\/v2\/categories?post=11049"},{"taxonomy":"post_tag","embeddable":true,"href":"https:\/\/infotorrent.es\/ca\/wp-json\/wp\/v2\/tags?post=11049"}],"curies":[{"name":"wp","href":"https:\/\/api.w.org\/{rel}","templated":true}]}}