{"id":11033,"date":"2019-03-22T14:00:06","date_gmt":"2019-03-22T14:00:06","guid":{"rendered":"https:\/\/infotorrent.es\/uncategorized\/un-sentiment-etern-tour-del-valencia-cf-senlaira-a-torrent\/"},"modified":"2019-03-22T14:07:42","modified_gmt":"2019-03-22T14:07:42","slug":"un-sentiment-etern-tour-del-valencia-cf-senlaira-a-torrent","status":"publish","type":"post","link":"https:\/\/infotorrent.es\/ca\/noticies\/un-sentiment-etern-tour-del-valencia-cf-senlaira-a-torrent\/","title":{"rendered":"\u201cUn Sentiment Etern Tour\u201d del Val\u00e8ncia CF s&#8217;enlaira a Torrent"},"content":{"rendered":"<p><strong>Un circuit d&#8217;activitats de lliure acc\u00e9s acosta als torrentins i torrentines la hist\u00f2ria dels 100 anys del Val\u00e8ncia CF els dies 13 i 14 d&#8217;abril en Parc Central<\/strong><\/p>\n<p style=\"text-align: justify;\">Amb motiu de la celebraci\u00f3 del centenari de la fundaci\u00f3 com a club esportiu del Val\u00e8ncia CF, arriba a Torrent els dies 13 i 14 d&#8217;abril \u201cUn Sentiment Etern Tour\u201d; un esdeveniment itinerant que far\u00e0 la seua primera parada a Torrent i que ha sigut presentat aquest mat\u00ed en la trobada amb els mitjans de comunicaci\u00f3 per l&#8217;alcalde Jes\u00fas Ros i Luis Mar\u00eda Garrido, representant de l&#8217;empresa organitzadora. A trav\u00e9s d&#8217;esdeveniments, accions, exposicions i activitats, el p\u00fablic coneixer\u00e0 els 100 anys d&#8217;hist\u00f2ria del Val\u00e8ncia Cf. L&#8217;espai, que estar\u00e0 situat en l&#8217;avinguda Joan Carles I, a l&#8217;altura de les pistes de patinatge de Parc Central, ser\u00e0 a l&#8217;aire lliure, comptant amb al voltant de 2.000 m2 distribu\u00efts en un circuit \u00fanic d&#8217;activitats de lliure acc\u00e9s a trav\u00e9s de carpes, estands, vehicles i instal\u00b7lacions <em>ad hoc<\/em>. \u201cUn Sentiment Etern Tour\u201d t\u00e9 com a primera parada la ciutat de Torrent, <strong>\u201cperqu\u00e8 som una de les localitats que m\u00e9s abonats i abonades tenim, a m\u00e9s de comptar amb un espai idoni i amb les caracter\u00edstiques necess\u00e0ries per a acollir aquest esdeveniment\u201d<\/strong>, ha ressaltat l&#8217;alcalde Jes\u00fas Ros.<\/p>\n<p style=\"text-align: justify;\">Entre les moltes activitats, les instal\u00b7lacions acolliran un espai expositiu que recorre els 100 anys d&#8217;hist\u00f2ria del Val\u00e8ncia CF a trav\u00e9s dels seus emblemes. Ac\u00ed tenen cabuda objectes memorables, peces audiovisuals, fites del valencianisme, cartells, equipaments, objectes de culte, etc.<\/p>\n<p style=\"text-align: justify;\">El programa es completa amb una botiga, on comprar productes oficials del Val\u00e8ncia CF; <em>Food Trucks<\/em>, que presentaran una oferta \u00e0mplia i variada de menjar i beguda; Zona de E-Sports, un espai l\u00fadic per a provar videojocs; i un Espai Multiusos, on es realitzaran pon\u00e8ncies de persones il\u00b7lustres del club, programes de r\u00e0dio en directe i fins i tot signatura d&#8217;aut\u00f2grafs. I tot aix\u00f2 <strong>\u201camb una zona per a gaudir de m\u00fasica en directe. Igualment CD Monte-Si\u00f3n i el Torrent CF tindran el seu propi estand informatiu\u201d<\/strong>, tal com ha donat a con\u00e9ixer la regidora de Participaci\u00f3 Ciutadana, Susi Ferrer.<\/p>\n<p>D&#8217;igual manera, el p\u00fablic infantil i juvenil tindr\u00e0 el seu propi espai, tancat i supervisat, en el qual hi haur\u00e0 un camp de joc 3&#215;3, on podran disputar partits o micro-tornejos.<\/p>\n<p>Lu\u00eds Mar\u00eda Garrido, representant de l&#8217;empresa organitzadora d&#8217; \u201cUn Sentiment Etern Tour\u201d, ha explicat que <strong>\u201cpretenem fer arribar a totes les localitats la hist\u00f2ria del club, fent-los participe i que no solament es quede en la capital, sin\u00f3 que vaja m\u00e9s enll\u00e0\u201d<\/strong>.<\/p>\n<p><img fetchpriority=\"high\" decoding=\"async\" class=\"size-full wp-image-25256 aligncenter\" src=\"https:\/\/www.infotorrent.es\/wp-content\/uploads\/2019\/03\/SentimenTour-TORRENTred-1.jpg\" alt=\"\" width=\"700\" height=\"401\" \/><\/p>\n","protected":false},"excerpt":{"rendered":"<p>Un circuit d&#8217;activitats de lliure acc\u00e9s acosta als torrentins i torrentines la hist\u00f2ria dels 100 anys del Val\u00e8ncia CF els dies 13 i 14 d&#8217;abril en Parc Central Amb motiu de la celebraci\u00f3 del centenari de la fundaci\u00f3 com a club esportiu del Val\u00e8ncia CF, arriba a Torrent els dies 13 i 14 d&#8217;abril \u201cUn [&hellip;]<\/p>\n","protected":false},"author":9,"featured_media":11035,"comment_status":"closed","ping_status":"open","sticky":false,"template":"","format":"standard","meta":{"_acf_changed":false,"footnotes":""},"categories":[123,130,127,116],"tags":[],"class_list":["post-11033","post","type-post","status-publish","format-standard","has-post-thumbnail","hentry","category-joventut-i-esports","category-juventud-y-deportes-2","category-noticias-2","category-noticies"],"acf":[],"_links":{"self":[{"href":"https:\/\/infotorrent.es\/ca\/wp-json\/wp\/v2\/posts\/11033","targetHints":{"allow":["GET"]}}],"collection":[{"href":"https:\/\/infotorrent.es\/ca\/wp-json\/wp\/v2\/posts"}],"about":[{"href":"https:\/\/infotorrent.es\/ca\/wp-json\/wp\/v2\/types\/post"}],"author":[{"embeddable":true,"href":"https:\/\/infotorrent.es\/ca\/wp-json\/wp\/v2\/users\/9"}],"replies":[{"embeddable":true,"href":"https:\/\/infotorrent.es\/ca\/wp-json\/wp\/v2\/comments?post=11033"}],"version-history":[{"count":0,"href":"https:\/\/infotorrent.es\/ca\/wp-json\/wp\/v2\/posts\/11033\/revisions"}],"wp:featuredmedia":[{"embeddable":true,"href":"https:\/\/infotorrent.es\/ca\/wp-json\/wp\/v2\/media\/11035"}],"wp:attachment":[{"href":"https:\/\/infotorrent.es\/ca\/wp-json\/wp\/v2\/media?parent=11033"}],"wp:term":[{"taxonomy":"category","embeddable":true,"href":"https:\/\/infotorrent.es\/ca\/wp-json\/wp\/v2\/categories?post=11033"},{"taxonomy":"post_tag","embeddable":true,"href":"https:\/\/infotorrent.es\/ca\/wp-json\/wp\/v2\/tags?post=11033"}],"curies":[{"name":"wp","href":"https:\/\/api.w.org\/{rel}","templated":true}]}}