{"id":11032,"date":"2019-03-22T13:48:13","date_gmt":"2019-03-22T13:48:13","guid":{"rendered":"https:\/\/infotorrent.es\/uncategorized\/torrent-abordara-la-transformacio-digital-i-els-reptes-tecnologics-en-esport-salut-ocupabilitat-comerc-i-industria\/"},"modified":"2019-03-22T13:52:35","modified_gmt":"2019-03-22T13:52:35","slug":"torrent-abordara-la-transformacio-digital-i-els-reptes-tecnologics-en-esport-salut-ocupabilitat-comerc-i-industria","status":"publish","type":"post","link":"https:\/\/infotorrent.es\/ca\/noticies\/torrent-abordara-la-transformacio-digital-i-els-reptes-tecnologics-en-esport-salut-ocupabilitat-comerc-i-industria\/","title":{"rendered":"Torrent abordar\u00e0 la transformaci\u00f3 digital i els reptes tecnol\u00f2gics en esport, salut, ocupabilitat, comer\u00e7 i ind\u00fastria"},"content":{"rendered":"<p><strong>Amb les jornades de Torrent Futur es crear\u00e0 un espai de trobada on donar visibilitat a l&#8217;impacte que el proc\u00e9s d&#8217;innovaci\u00f3 est\u00e0 generant a la ciutat i en els agents que la conformen<\/strong><\/p>\n<p style=\"text-align: justify;\">Els dies 1 i 2 d&#8217;abril tindr\u00e0 lloc en l&#8217;edifici Antic Mercat de Torrent TORRENT FUTUR, un esdeveniment sobre la digitalitzaci\u00f3 com a cam\u00ed per a la millora de la competitivitat i efic\u00e0cia en el m\u00f3n de l&#8217;esport i la salut, l&#8217;ocupabilitat, el comer\u00e7 i l&#8217;especialitzaci\u00f3 industrial. Dos dies en qu\u00e8 s&#8217;abordaran reptes per als sectors esmentats des d&#8217;una perspectiva real i d&#8217;innovaci\u00f3. Una cita amb emprenedors, experts i expertes en innovaci\u00f3, i professionals de diferents \u00e0mbits per a con\u00e9ixer com afrontar els processos de transformaci\u00f3 digital.<\/p>\n<p style=\"text-align: justify;\">El regidor de Recursos i Modernitzaci\u00f3, Andr\u00e9s Campos, ha explicat que es tracta <strong>&#8220;d&#8217;unes jornades per a abordar, a trav\u00e9s del punt de vista formatiu, te\u00f2ric i pr\u00e0ctic, qu\u00e8 significa la innovaci\u00f3 i la transformaci\u00f3 digital en aquests sectors, a m\u00e9s de demostrar que la innovaci\u00f3 est\u00e0 a l&#8217;abast de tots i totes\u201d<\/strong>.<\/p>\n<p style=\"text-align: justify;\">L&#8217;esdeveniment, que est\u00e0 dissenyat en quatre blocs tem\u00e0tics, comen\u00e7ar\u00e0 amb Esport Futur, orientat a professionals que desitgen con\u00e9ixer com la tecnologia i la innovaci\u00f3 han irromput en l&#8217;esport i salut aportant valor diferencial. Aquesta jornada constara de la xarrada \u201cL&#8217;estrat\u00e8gia d&#8217;especialitzaci\u00f3 en esport i salut de la Comunitat Valenciana\u201d i dues taules de debat on s&#8217;abordaran des de diferents prismes aquesta transformaci\u00f3.<\/p>\n<p style=\"text-align: justify;\">A la vesprada li toca el torn als i les professionals del sector del comer\u00e7 i l&#8217;emprenedoria, que vulguen posar-se al dia de les oportunitats tecnol\u00f2giques que existeixen en el seu sector amb Comer\u00e7 Futur, a trav\u00e9s de les pon\u00e8ncies: \u201cEl pla d&#8217;impuls i modernitzaci\u00f3 del comer\u00e7 de Torrent\u201d; \u201cEn quin nivell de digitalitzaci\u00f3 es troba el meu comer\u00e7?\u201d; i una taula d&#8217;experi\u00e8ncies de comer\u00e7os que ja han iniciat aquest proc\u00e9s.<\/p>\n<p style=\"text-align: justify;\">El dia 2 d&#8217;abril, \u201cEl nou mercat laboral: transforma&#8217;t, \u201cT\u00e8cniques 4.0. de cerca d&#8217;ocupaci\u00f3\u201d i \u201cCom no ser un zombi laboral\u201d, seran els col\u00b7loquis que s&#8217;abordaran en Treball Futur, bloc orientat a persones en cerca activa d&#8217;ocupaci\u00f3 i\/o que desitgen con\u00e9ixer les possibilitats de desenvolupament professional i laboral que existeixen actualment a la seua disposici\u00f3.<\/p>\n<p style=\"text-align: justify;\">L&#8217;esdeveniment Torrent Futur tancar\u00e0 aquesta \u00faltima jornada, dedicada als qui busquen noves maneres de mirar a sectors tradicionals a trav\u00e9s de la tecnologia i la innovaci\u00f3 en Empresa Futur, amb \u201cL&#8217;estrat\u00e8gia d&#8217;especialitzaci\u00f3 local de Torrent\u201d, \u201cEls DIH, nous ecosistemes per a la digitalitzaci\u00f3 i innovaci\u00f3 de les pimes\u201d i una taula d&#8217;experi\u00e8ncies d&#8217;empreses valencianes que han implementat mesures per a la seua transformaci\u00f3 digital.<\/p>\n<p style=\"text-align: justify;\">A m\u00e9s, l&#8217;esdeveniment servir\u00e0 de marc per a la presentaci\u00f3 de l&#8217;Estudi del Mercat Laboral de Torrent i el Pla d&#8217;Impuls i Modernitzaci\u00f3 del Comer\u00e7 Local realitzats en el marc de l&#8217;Estrat\u00e8gia DUSI de l&#8217;Ajuntament de Torrent, que \u00e9s finan\u00e7ada per Fons FEDER de la Uni\u00f3 Europea. Tamb\u00e9 es parlar\u00e0 de l&#8217;Estrat\u00e8gia d&#8217;Especialitzaci\u00f3 Intel\u00b7ligent de Torrent que est\u00e0 alineada amb l&#8217;Estrat\u00e8gia RIS3CV de la Comunitat Valenciana.<\/p>\n<p style=\"text-align: justify;\">TORRENT FUTUR tracta de posicionar Torrent com a ciutat referent en el proc\u00e9s de digitalitzaci\u00f3 per a desenvolupar satisfact\u00f2riament la seua activitat i obtindre millors resultats, aix\u00ed com fomentar i provocar la generaci\u00f3 de sinergies entre administracions p\u00fabliques, empreses consolidades, start-ups i comer\u00e7 i empreses locals. En aquest sentit, la gerent de l&#8217;empresa municipal Idea\u2019t, Mar\u00eda Mu\u00f1oz, exposa que <strong>\u201ccont\u00ednuament estudiem el mercat laboral, per\u00f2, a m\u00e9s, realitzem tot tipus d&#8217;accions m\u00e9s concretes, com aquestes jornades, que tracten la vida di\u00e0ria de les empreses i els comer\u00e7os\u201d<\/strong>.<\/p>\n<p style=\"text-align: justify;\">La participaci\u00f3 en l&#8217;esdeveniment \u00e9s gratu\u00efta. M\u00e9s informaci\u00f3 i inscripcions en: <a href=\"https:\/\/torrentfutur.net\" target=\"_blank\" rel=\"noopener\">https:\/\/torrentfutur.net<\/a>\/<\/p>\n","protected":false},"excerpt":{"rendered":"<p>Amb les jornades de Torrent Futur es crear\u00e0 un espai de trobada on donar visibilitat a l&#8217;impacte que el proc\u00e9s d&#8217;innovaci\u00f3 est\u00e0 generant a la ciutat i en els agents que la conformen Els dies 1 i 2 d&#8217;abril tindr\u00e0 lloc en l&#8217;edifici Antic Mercat de Torrent TORRENT FUTUR, un esdeveniment sobre la digitalitzaci\u00f3 com [&hellip;]<\/p>\n","protected":false},"author":9,"featured_media":1137,"comment_status":"closed","ping_status":"open","sticky":false,"template":"","format":"standard","meta":{"_acf_changed":false,"footnotes":""},"categories":[146,116],"tags":[],"class_list":["post-11032","post","type-post","status-publish","format-standard","has-post-thumbnail","hentry","category-gestion-de-recursos-y-modernizacion-2","category-noticies"],"acf":[],"_links":{"self":[{"href":"https:\/\/infotorrent.es\/ca\/wp-json\/wp\/v2\/posts\/11032","targetHints":{"allow":["GET"]}}],"collection":[{"href":"https:\/\/infotorrent.es\/ca\/wp-json\/wp\/v2\/posts"}],"about":[{"href":"https:\/\/infotorrent.es\/ca\/wp-json\/wp\/v2\/types\/post"}],"author":[{"embeddable":true,"href":"https:\/\/infotorrent.es\/ca\/wp-json\/wp\/v2\/users\/9"}],"replies":[{"embeddable":true,"href":"https:\/\/infotorrent.es\/ca\/wp-json\/wp\/v2\/comments?post=11032"}],"version-history":[{"count":0,"href":"https:\/\/infotorrent.es\/ca\/wp-json\/wp\/v2\/posts\/11032\/revisions"}],"wp:featuredmedia":[{"embeddable":true,"href":"https:\/\/infotorrent.es\/ca\/wp-json\/wp\/v2\/media\/1137"}],"wp:attachment":[{"href":"https:\/\/infotorrent.es\/ca\/wp-json\/wp\/v2\/media?parent=11032"}],"wp:term":[{"taxonomy":"category","embeddable":true,"href":"https:\/\/infotorrent.es\/ca\/wp-json\/wp\/v2\/categories?post=11032"},{"taxonomy":"post_tag","embeddable":true,"href":"https:\/\/infotorrent.es\/ca\/wp-json\/wp\/v2\/tags?post=11032"}],"curies":[{"name":"wp","href":"https:\/\/api.w.org\/{rel}","templated":true}]}}