{"id":11020,"date":"2019-03-20T13:03:58","date_gmt":"2019-03-20T13:03:58","guid":{"rendered":"https:\/\/infotorrent.es\/uncategorized\/un-impressionant-espectacle-de-color-i-soroll-fa-vibrar-torrent-en-la-nit-del-foc\/"},"modified":"2019-03-20T12:27:56","modified_gmt":"2019-03-20T12:27:56","slug":"un-impressionant-espectacle-de-color-i-soroll-fa-vibrar-torrent-en-la-nit-del-foc","status":"publish","type":"post","link":"https:\/\/infotorrent.es\/ca\/noticies\/un-impressionant-espectacle-de-color-i-soroll-fa-vibrar-torrent-en-la-nit-del-foc\/","title":{"rendered":"Un impressionant espectacle de color i soroll fa vibrar Torrent en la Nit del Foc"},"content":{"rendered":"<p style=\"text-align: justify;\"><strong>Els torrentins i les torrentines han celebrat, a m\u00e9s, el tradicional homenatge al faller, davant de l\u2019est\u00e0tua del Granerer<\/strong><\/p>\n<p style=\"text-align: justify;\">La ciutat de Torrent va vibrar ahir amb el gran\u00a0 espectacle pirot\u00e8cnic de la Nit del Foc; un acte per a commemorar el dia de Sant Josep i que va tindre la participaci\u00f3 d\u2019un gran nombre de torrentins i torrentines que no van voler perdre\u2019s este espectacle de color i soroll i que van omplir de gom a gom la pla\u00e7a de la Uni\u00f3 Musical. En total foren 204 quilos de p\u00f3lvora que l\u2019empresa encarregada del castell, Hermanos Caballer, va fer esclatar en aproximadament 12 o 13 minuts. La pirot\u00e8cnia ha fet servir un producte el 80% del qual ha sigut de fabricaci\u00f3 pr\u00f2pia.<\/p>\n<p style=\"text-align: justify;\"><img fetchpriority=\"high\" decoding=\"async\" class=\"size-full wp-image-25172 aligncenter\" src=\"https:\/\/www.infotorrent.es\/wp-content\/uploads\/2019\/03\/Sant-Josep-Torrent-1.jpg\" alt=\"\" width=\"750\" height=\"525\" \/><\/p>\n<p style=\"text-align: justify;\">Per\u00f2 l\u2019espectacle pirot\u00e8cnic no va ser l\u2019\u00fanic acte de la Nit del Foc, perqu\u00e8 la vesprada s\u2019inici\u00e0 amb unes tradicionals dansades a c\u00e0rrec del Grup de Ball L\u2019U i Dos i el Grup de Ball de Torrent. A m\u00e9s a m\u00e9s, hi participaren les falleres majors de Torrent, Carmen Raga i Ort\u00ed i Leyre Gallego i Ruiz, i les seues corts d\u2019honors i tots els fallers i les falleres de les 29 comissions torrentines que han volgut, ja que es tractava d\u2019un acte popular. Les dansaes comen\u00e7aren en l\u2019esgl\u00e9sia de Sant Josep i arribaren fins a la pla\u00e7a de la Uni\u00f3 Musical, on va tindre lloc el castell.<\/p>\n<p style=\"text-align: justify;\"><strong><img decoding=\"async\" class=\"size-full wp-image-25178 aligncenter\" src=\"https:\/\/www.infotorrent.es\/wp-content\/uploads\/2019\/03\/Sant-Josep-Torrent-3.jpg\" alt=\"\" width=\"750\" height=\"500\" \/><\/strong><\/p>\n<p style=\"text-align: justify;\"><strong>El Granerer<\/strong><\/p>\n<p style=\"text-align: justify;\">D\u2019altra banda, este mat\u00ed ha tingut lloc la celebraci\u00f3 d\u2019una missa en honor a sant Josep, en la parr\u00f2quia que porta el seu nom. En acabar, la comitiva, formada per les falleres majors de Torrent, l\u2019alcalde, Jes\u00fas Ros, el regidor de Falles, Jos\u00e9 Antonio Castillejo, i la resta de representants de la corporaci\u00f3 municipal, s\u2019han dirigit a l\u2019est\u00e0tua del Granerer, situada a la pla\u00e7a de les Corts Valencianes, on s\u2019ha fet un homenatge al faller amb el lliurament d\u2019una corona de llorer.<\/p>\n<p style=\"text-align: justify;\"><img decoding=\"async\" class=\"size-full wp-image-25176 aligncenter\" src=\"https:\/\/www.infotorrent.es\/wp-content\/uploads\/2019\/03\/Granerer-1.jpg\" alt=\"\" width=\"750\" height=\"500\" \/><\/p>\n<p style=\"text-align: justify;\">La pla\u00e7a del Bisbe Benlloch ha sigut, per \u00faltim dia, l\u2019escenari de les mascletades<em>, <\/em>un programa que s\u2019inici\u00e0 el dia 16 i que conclou hui amb una disparada de 109 quilos de p\u00f3lvora a c\u00e0rrec de la pirot\u00e8cnia Zarzoso. La mascletada ha sigut molt seguida, tant pels espectadors que han acudit a la pla\u00e7a com per tots aquells que l\u2019han seguida en directe a trav\u00e9s del programa que l\u2019Ajuntament de Torrent, com cada dia, ha oferit en les xarxes socials.<\/p>\n<p style=\"text-align: justify;\"><strong>Crem\u00e0<\/strong><\/p>\n<p style=\"text-align: justify;\">Esta vesprada, a partir de les 19 h, les falleres majors de Torrent i les corts d\u2019honor desfilaran en una cercavila per a fer la retirada dels ninots indultats d\u2019enguany, de les falles Nicolau Andreu i Cronista Vicent Veguer Esteve, que es salvaran de les flames. El punt final de les festes el posar\u00e0 la crema dels 58 monuments fallers. A les 21 h tindr\u00e0 lloc la crem\u00e0 de la falla guanyadora del primer premi de la secci\u00f3 especial de infantil, que enguany ha sigut la Falla Avinguda; i a les 24 h la crema de la falla guanyadora del primer premi de la secci\u00f3 especial, Falla Lope de Rueda i Verge del Puig.<\/p>\n","protected":false},"excerpt":{"rendered":"<p>Els torrentins i les torrentines han celebrat, a m\u00e9s, el tradicional homenatge al faller, davant de l\u2019est\u00e0tua del Granerer La ciutat de Torrent va vibrar ahir amb el gran\u00a0 espectacle pirot\u00e8cnic de la Nit del Foc; un acte per a commemorar el dia de Sant Josep i que va tindre la participaci\u00f3 d\u2019un gran nombre [&hellip;]<\/p>\n","protected":false},"author":3,"featured_media":11022,"comment_status":"closed","ping_status":"open","sticky":false,"template":"","format":"standard","meta":{"_acf_changed":false,"footnotes":""},"categories":[156,116],"tags":[259],"class_list":["post-11020","post","type-post","status-publish","format-standard","has-post-thumbnail","hentry","category-festes-i-tradicions-2","category-noticies","tag-ajuntament-de-torrenttorrent"],"acf":[],"_links":{"self":[{"href":"https:\/\/infotorrent.es\/ca\/wp-json\/wp\/v2\/posts\/11020","targetHints":{"allow":["GET"]}}],"collection":[{"href":"https:\/\/infotorrent.es\/ca\/wp-json\/wp\/v2\/posts"}],"about":[{"href":"https:\/\/infotorrent.es\/ca\/wp-json\/wp\/v2\/types\/post"}],"author":[{"embeddable":true,"href":"https:\/\/infotorrent.es\/ca\/wp-json\/wp\/v2\/users\/3"}],"replies":[{"embeddable":true,"href":"https:\/\/infotorrent.es\/ca\/wp-json\/wp\/v2\/comments?post=11020"}],"version-history":[{"count":0,"href":"https:\/\/infotorrent.es\/ca\/wp-json\/wp\/v2\/posts\/11020\/revisions"}],"wp:featuredmedia":[{"embeddable":true,"href":"https:\/\/infotorrent.es\/ca\/wp-json\/wp\/v2\/media\/11022"}],"wp:attachment":[{"href":"https:\/\/infotorrent.es\/ca\/wp-json\/wp\/v2\/media?parent=11020"}],"wp:term":[{"taxonomy":"category","embeddable":true,"href":"https:\/\/infotorrent.es\/ca\/wp-json\/wp\/v2\/categories?post=11020"},{"taxonomy":"post_tag","embeddable":true,"href":"https:\/\/infotorrent.es\/ca\/wp-json\/wp\/v2\/tags?post=11020"}],"curies":[{"name":"wp","href":"https:\/\/api.w.org\/{rel}","templated":true}]}}