{"id":11013,"date":"2019-03-18T11:57:04","date_gmt":"2019-03-18T11:57:04","guid":{"rendered":"https:\/\/infotorrent.es\/uncategorized\/les-falles-lope-de-rueda-i-avinguda-guanyadores-dels-primers-premis-de-seccio-especial\/"},"modified":"2019-03-18T10:53:51","modified_gmt":"2019-03-18T10:53:51","slug":"les-falles-lope-de-rueda-i-avinguda-guanyadores-dels-primers-premis-de-seccio-especial","status":"publish","type":"post","link":"https:\/\/infotorrent.es\/ca\/noticies\/les-falles-lope-de-rueda-i-avinguda-guanyadores-dels-primers-premis-de-seccio-especial\/","title":{"rendered":"Les falles Lope de Rueda i Avinguda, guanyadores dels primers premis  de secci\u00f3 especial"},"content":{"rendered":"<p style=\"text-align: justify;\"><strong>La falla Sant Amador Espartero guanya el Premi Violeta i la falla Avinguda el Premi a l\u2019\u00das del Valenci\u00e0<\/strong><\/p>\n<p style=\"text-align: justify;\"><strong>\u00a0<\/strong>La Junta Local Fallera de Torrent ha revelat esta vesprada el nom de les comissions que han guanyat el primer premi dels monuments. La falla Lope de Rueda i Verge del Puig ha obtingut el primer premi de la secci\u00f3 especial i la falla Avinguda ha aconseguit el primer de la secci\u00f3 infantil. Les falleres majors de Torrent, Carmen Raga Ort\u00ed i Leyre Gallego Ruiz, han llegit el nom de les falles guanyadores, les quals han manifestat una gran alegria. Com a novetat, enguany, la lectura dels premis han sigut retransmesa en directe a trav\u00e9s de la pantalla de la fa\u00e7ana de l\u2019Ajuntament.<\/p>\n<p style=\"text-align: justify;\">A m\u00e9s a m\u00e9s, s\u2019han anunciat els Premis a l\u2019\u00das del Valenci\u00e0 que convoca l\u2019Oficina de Promoci\u00f3 i \u00das del Valenci\u00e0 per a premiar la correcci\u00f3 de la llengua en els monuments fallers i que s\u2019han endut les falles Avinguda (1r premi), Ram\u00f3n y Cajal (2n premi) i Sant Valeri\u00e0 (3r premi) i tamb\u00e9 els Premis Violeta que han sigut per a les falles Sant Amador Espartero (1r premi), Carrer Benem\u00e8rita Gu\u00e0rdia Civil (2n premi) i Sant Roc \u2013 G\u00f3mez Ferrer (3r premi). S\u00f3n uns guardons creats des de la Delegaci\u00f3 de la Dona de l\u2019Ajuntament de Torrent en col\u00b7laboraci\u00f3 amb la Junta Local Fallera i que reconeixen els monuments que no fan servir un llenguatge sexista, dignifiquen el paper de la dona dins de la festa fallera i eviten escenes amb la dona com a objecte sexual.<\/p>\n<p style=\"text-align: justify;\">Les falleres majors de Torrent, tamb\u00e9 han anunciat els guanyadors dels IX Premis de la premsa a la millor cr\u00edtica social que s\u2019endut les falles Sant Gregori (1r premi), Sant Valeri\u00e0 (2n premi) i La Pla\u00e7a (3r premi).<\/p>\n<p style=\"text-align: justify;\">L\u2019agenda fallera s\u2019ha encetat este mat\u00ed amb la visita institucional a l\u2019Ajuntament de Torrent per part de les falleres majors, les quals han firmat en el llibre d\u2019honor de la ciutat. A continuaci\u00f3 ha tingut lloc la primera <em>masclet\u00e0<\/em> a la pla\u00e7a del Bisbe Benlloch, un espectacle a c\u00e0rrec de la pirot\u00e8cnia Tur\u00eds i amb 51 kg de p\u00f3lvora. La <em>masclet\u00e0<\/em> s\u2019ha retransm\u00e9s en l\u00ednia a trav\u00e9s de les xarxes socials de l\u2019Ajuntament de Torrent: Facebook i el canal de Youtube. A m\u00e9s a m\u00e9s, s\u2019han em\u00e9s un especial amb entrevistes a Jos\u00e9 Antonio Castillejo, regidor de Festes; a Ana Royo, presidenta de Junta Local de Torrent; i a representants de la falla Barri Cotxera qui celebra el seu 50 aniversari.<\/p>\n<p style=\"text-align: justify;\">\n<p style=\"text-align: justify;\"><strong>Trasllat de la Mare de D\u00e9u<\/strong><\/p>\n<p style=\"text-align: justify;\">De vesprada, les 29 comissions torrentines han desfilat en el trasllat de la Mare de D\u00e9u dels Desemparats, organitzat per la falla Barri Cotxera, que ha iniciat el trasllat amb la imatge de la geperudeta. Els fallers i les falleres i el ve\u00efnat s\u2019han bolcat en l\u2019acte, i ha dedicat versos, poemes i rams de flors a la Mare de D\u00e9u. Les falleres majors de Torrent, Carmen Raga i Leyre Gallego, en companyia de les seues corts d\u2019honor, han acompanyat els m\u00e0xims representants de la falla Barri Cotxera, Cristina Sierra Espinosa, Michelle Marcos Fito, Pedro G\u00f3mez Lucas i \u00c1lvaro Gonz\u00e1lez Cantero, en este acte tan motiu que enguany coincidix amb el 50 aniversari de la comissi\u00f3. L\u2019alcalde, Jes\u00fas Ros, i el regidor de Falles, Jos\u00e9 Antonio Castillejo, acompanyats per membres de l\u2019equip de govern, no han volgut perdre\u2019s este acte que des de l\u2019any 1970 organitza la falla Barri Cotxera; una comissi\u00f3 que cada any s\u2019encarrega de traure la imatge de la Mare de D\u00e9u de l\u2019esgl\u00e9sia del Bon Consell i de tornar-la el dia 19 amb l\u2019acte del retorn. La Mare de D\u00e9u, que tradicionalment es deixava a la pla\u00e7a per a l\u2019Ofrena, ara es queda dins de l\u2019esgl\u00e9sia i \u00e9s substitu\u00efda per una de fusta i cart\u00f3, que s\u2019ompli amb el rams de flors de milers de falleres que passen a deixar-los.<\/p>\n<p style=\"text-align: justify;\">\n<p><img fetchpriority=\"high\" decoding=\"async\" class=\"size-full wp-image-25126 aligncenter\" src=\"https:\/\/www.infotorrent.es\/wp-content\/uploads\/2019\/03\/Traslado2.jpg\" alt=\"\" width=\"900\" height=\"600\" \/><\/p>\n","protected":false},"excerpt":{"rendered":"<p>La falla Sant Amador Espartero guanya el Premi Violeta i la falla Avinguda el Premi a l\u2019\u00das del Valenci\u00e0 \u00a0La Junta Local Fallera de Torrent ha revelat esta vesprada el nom de les comissions que han guanyat el primer premi dels monuments. La falla Lope de Rueda i Verge del Puig ha obtingut el primer [&hellip;]<\/p>\n","protected":false},"author":13,"featured_media":11015,"comment_status":"closed","ping_status":"open","sticky":false,"template":"","format":"standard","meta":{"_acf_changed":false,"footnotes":""},"categories":[156,116],"tags":[788],"class_list":["post-11013","post","type-post","status-publish","format-standard","has-post-thumbnail","hentry","category-festes-i-tradicions-2","category-noticies","tag-falles"],"acf":[],"_links":{"self":[{"href":"https:\/\/infotorrent.es\/ca\/wp-json\/wp\/v2\/posts\/11013","targetHints":{"allow":["GET"]}}],"collection":[{"href":"https:\/\/infotorrent.es\/ca\/wp-json\/wp\/v2\/posts"}],"about":[{"href":"https:\/\/infotorrent.es\/ca\/wp-json\/wp\/v2\/types\/post"}],"author":[{"embeddable":true,"href":"https:\/\/infotorrent.es\/ca\/wp-json\/wp\/v2\/users\/13"}],"replies":[{"embeddable":true,"href":"https:\/\/infotorrent.es\/ca\/wp-json\/wp\/v2\/comments?post=11013"}],"version-history":[{"count":0,"href":"https:\/\/infotorrent.es\/ca\/wp-json\/wp\/v2\/posts\/11013\/revisions"}],"wp:featuredmedia":[{"embeddable":true,"href":"https:\/\/infotorrent.es\/ca\/wp-json\/wp\/v2\/media\/11015"}],"wp:attachment":[{"href":"https:\/\/infotorrent.es\/ca\/wp-json\/wp\/v2\/media?parent=11013"}],"wp:term":[{"taxonomy":"category","embeddable":true,"href":"https:\/\/infotorrent.es\/ca\/wp-json\/wp\/v2\/categories?post=11013"},{"taxonomy":"post_tag","embeddable":true,"href":"https:\/\/infotorrent.es\/ca\/wp-json\/wp\/v2\/tags?post=11013"}],"curies":[{"name":"wp","href":"https:\/\/api.w.org\/{rel}","templated":true}]}}