{"id":11009,"date":"2019-03-15T14:15:04","date_gmt":"2019-03-15T14:15:04","guid":{"rendered":"https:\/\/infotorrent.es\/uncategorized\/visita-de-les-falleres-majors-als-bombers-i-proteccio-civil\/"},"modified":"2019-03-15T14:16:05","modified_gmt":"2019-03-15T14:16:05","slug":"visita-de-les-falleres-majors-als-bombers-i-proteccio-civil","status":"publish","type":"post","link":"https:\/\/infotorrent.es\/ca\/noticias-2\/visita-de-les-falleres-majors-als-bombers-i-proteccio-civil\/","title":{"rendered":"Visita de les falleres majors als bombers i Protecci\u00f3 Civil"},"content":{"rendered":"<p>Les falleres majors de Torrent, Carmen Raga i Leyre Gallego, seguixen amb les seues visites institucionals. Acompanyades de les seues corsts d&#8217;honor, aix\u00ed com del regidor de Falles, Jos\u00e9 Antonio Castillejo, el dijous a la vesprada visitaren als bombers i als voluntaris de Protecci\u00f3 Civil. En ambdos casos, els mostraren el seu agra\u00efment pel seu treball per el bon desenvolupament de les festes.<\/p>\n<p><img fetchpriority=\"high\" decoding=\"async\" class=\"size-full wp-image-25105 aligncenter\" src=\"https:\/\/www.infotorrent.es\/wp-content\/uploads\/2019\/03\/bombers-proteccio-civil-13.jpeg\" alt=\"\" width=\"960\" height=\"720\" \/><\/p>\n","protected":false},"excerpt":{"rendered":"<p>Les falleres majors de Torrent, Carmen Raga i Leyre Gallego, seguixen amb les seues visites institucionals. Acompanyades de les seues corsts d&#8217;honor, aix\u00ed com del regidor de Falles, Jos\u00e9 Antonio Castillejo, el dijous a la vesprada visitaren als bombers i als voluntaris de Protecci\u00f3 Civil. En ambdos casos, els mostraren el seu agra\u00efment pel seu [&hellip;]<\/p>\n","protected":false},"author":13,"featured_media":11011,"comment_status":"closed","ping_status":"open","sticky":false,"template":"","format":"standard","meta":{"_acf_changed":false,"footnotes":""},"categories":[156,127],"tags":[],"class_list":["post-11009","post","type-post","status-publish","format-standard","has-post-thumbnail","hentry","category-festes-i-tradicions-2","category-noticias-2"],"acf":[],"_links":{"self":[{"href":"https:\/\/infotorrent.es\/ca\/wp-json\/wp\/v2\/posts\/11009","targetHints":{"allow":["GET"]}}],"collection":[{"href":"https:\/\/infotorrent.es\/ca\/wp-json\/wp\/v2\/posts"}],"about":[{"href":"https:\/\/infotorrent.es\/ca\/wp-json\/wp\/v2\/types\/post"}],"author":[{"embeddable":true,"href":"https:\/\/infotorrent.es\/ca\/wp-json\/wp\/v2\/users\/13"}],"replies":[{"embeddable":true,"href":"https:\/\/infotorrent.es\/ca\/wp-json\/wp\/v2\/comments?post=11009"}],"version-history":[{"count":0,"href":"https:\/\/infotorrent.es\/ca\/wp-json\/wp\/v2\/posts\/11009\/revisions"}],"wp:featuredmedia":[{"embeddable":true,"href":"https:\/\/infotorrent.es\/ca\/wp-json\/wp\/v2\/media\/11011"}],"wp:attachment":[{"href":"https:\/\/infotorrent.es\/ca\/wp-json\/wp\/v2\/media?parent=11009"}],"wp:term":[{"taxonomy":"category","embeddable":true,"href":"https:\/\/infotorrent.es\/ca\/wp-json\/wp\/v2\/categories?post=11009"},{"taxonomy":"post_tag","embeddable":true,"href":"https:\/\/infotorrent.es\/ca\/wp-json\/wp\/v2\/tags?post=11009"}],"curies":[{"name":"wp","href":"https:\/\/api.w.org\/{rel}","templated":true}]}}