{"id":11004,"date":"2019-03-14T13:54:58","date_gmt":"2019-03-14T13:54:58","guid":{"rendered":"https:\/\/infotorrent.es\/uncategorized\/torrent-preparat-per-a-la-celebracio-de-les-festes-falleres\/"},"modified":"2019-03-14T13:58:26","modified_gmt":"2019-03-14T13:58:26","slug":"torrent-preparat-per-a-la-celebracio-de-les-festes-falleres","status":"publish","type":"post","link":"https:\/\/infotorrent.es\/ca\/noticies\/torrent-preparat-per-a-la-celebracio-de-les-festes-falleres\/","title":{"rendered":"Torrent, preparat per a la celebraci\u00f3 de les festes falleres"},"content":{"rendered":"<p><strong>Policia Local de Torrent, Policia Nacional i Protecci\u00f3 Civil vetlaran per la seguretat cada dia<\/strong><\/p>\n<p style=\"text-align: justify;\">Tots els serveis municipals de l&#8217;Ajuntament de Torrent, brigada municipal, neteja, jardineria i senyalitzaci\u00f3 s&#8217;han posat en marxa per a posar a la disposici\u00f3 dels fallers i falleres el material necessari per al correcte desenvolupament dels actes a celebrar en estes pr\u00f2ximes falles. A m\u00e9s, es garantir\u00e0 la seguretat en diferents \u00e0mbits, des de l&#8217;aliment\u00e0ria fins a la pirot\u00e8cnica, la del tr\u00e0nsit i l&#8217;encaminada a evitar la delinq\u00fc\u00e8ncia. Amb la novetat de la Nit del Foc, del dia 18 de mar\u00e7, per a la qual s&#8217;espera una gran aflu\u00e8ncia de p\u00fablic, per la qual cosa s&#8217;han extremat les mitjanes de seguretat adoptades, i els cossos que integren el dispositiu habilitat de Policia Nacional, Policia Local i Protecci\u00f3 Civil incrementen els seus efectius aquests dies.<\/p>\n<p style=\"text-align: justify;\">El regidor de Festes, Falles, Seguretat Ciutadana i Espais P\u00fablics, Jos\u00e9 Antonio Castillejo, ha assegurat que <strong>\u201cmesures com estes, fan que Torrent siga una ciutat totalment segura, ja que treballem perqu\u00e8 siguen unes festes en les quals la gent que no siga fallera tamb\u00e9 puga gaudir d&#8217;estos dies\u201d<\/strong>. Pel que fa a Policia Local de Torrent, a partir del dia 16 es destinaran 60 policies entre el torn ordinari i el refor\u00e7 per falles, i s&#8217;ha facilitat tota la senyalitzaci\u00f3 corresponent per a fixar la zona de focs i l&#8217;ocupaci\u00f3 de la via p\u00fablica. El Comissari Cap del Cos de la Policia Local de Torrent, Eduardo Mart\u00ednez, ha indicat que tant <strong>\u201cPolicia Local com Policia Nacional realitzaran visites peri\u00f2diques als casals fallers de la nostra ciutat al mateix temps, vetlant per la seguretat de tots els ciutadans i ciutadanes, amb l&#8217;objectiu que les festes es desenvolupen amb total normalitat\u201d<\/strong>.<\/p>\n","protected":false},"excerpt":{"rendered":"<p>Policia Local de Torrent, Policia Nacional i Protecci\u00f3 Civil vetlaran per la seguretat cada dia Tots els serveis municipals de l&#8217;Ajuntament de Torrent, brigada municipal, neteja, jardineria i senyalitzaci\u00f3 s&#8217;han posat en marxa per a posar a la disposici\u00f3 dels fallers i falleres el material necessari per al correcte desenvolupament dels actes a celebrar en [&hellip;]<\/p>\n","protected":false},"author":9,"featured_media":1137,"comment_status":"closed","ping_status":"open","sticky":false,"template":"","format":"standard","meta":{"_acf_changed":false,"footnotes":""},"categories":[156,116],"tags":[],"class_list":["post-11004","post","type-post","status-publish","format-standard","has-post-thumbnail","hentry","category-festes-i-tradicions-2","category-noticies"],"acf":[],"_links":{"self":[{"href":"https:\/\/infotorrent.es\/ca\/wp-json\/wp\/v2\/posts\/11004","targetHints":{"allow":["GET"]}}],"collection":[{"href":"https:\/\/infotorrent.es\/ca\/wp-json\/wp\/v2\/posts"}],"about":[{"href":"https:\/\/infotorrent.es\/ca\/wp-json\/wp\/v2\/types\/post"}],"author":[{"embeddable":true,"href":"https:\/\/infotorrent.es\/ca\/wp-json\/wp\/v2\/users\/9"}],"replies":[{"embeddable":true,"href":"https:\/\/infotorrent.es\/ca\/wp-json\/wp\/v2\/comments?post=11004"}],"version-history":[{"count":0,"href":"https:\/\/infotorrent.es\/ca\/wp-json\/wp\/v2\/posts\/11004\/revisions"}],"wp:featuredmedia":[{"embeddable":true,"href":"https:\/\/infotorrent.es\/ca\/wp-json\/wp\/v2\/media\/1137"}],"wp:attachment":[{"href":"https:\/\/infotorrent.es\/ca\/wp-json\/wp\/v2\/media?parent=11004"}],"wp:term":[{"taxonomy":"category","embeddable":true,"href":"https:\/\/infotorrent.es\/ca\/wp-json\/wp\/v2\/categories?post=11004"},{"taxonomy":"post_tag","embeddable":true,"href":"https:\/\/infotorrent.es\/ca\/wp-json\/wp\/v2\/tags?post=11004"}],"curies":[{"name":"wp","href":"https:\/\/api.w.org\/{rel}","templated":true}]}}