{"id":11001,"date":"2019-03-14T13:55:36","date_gmt":"2019-03-14T13:55:36","guid":{"rendered":"https:\/\/infotorrent.es\/uncategorized\/las-falleras-mayores-de-torrent-visitan-las-cortes-valencianas\/"},"modified":"2019-03-14T13:53:09","modified_gmt":"2019-03-14T13:53:09","slug":"las-falleras-mayores-de-torrent-visitan-las-cortes-valencianas","status":"publish","type":"post","link":"https:\/\/infotorrent.es\/ca\/noticies\/las-falleras-mayores-de-torrent-visitan-las-cortes-valencianas\/","title":{"rendered":"Les falleres majors de Torrent visiten las Cortes Valencianas"},"content":{"rendered":"<p>Les falleres majors de Torrent, Carmen Raga i Leyre Gallego, amb les seues corts d&#8217;honor han continuat hui la seua ronda de visites institucionals. En companyia del regidor de Falles, Jos\u00e9 Antonio Castillejo, han visitat hui les Corts Valencianes, on han sigut rebudes pel seu president, Enric Morera. La delegaci\u00f3 fallera local ha concl\u00f3s el mat\u00ed en l&#8217;Ateneu Mercantil, per a gaudir en directe de la <em>masclet\u00e0<\/em>.<\/p>\n<p><img fetchpriority=\"high\" decoding=\"async\" class=\"size-full wp-image-25005 aligncenter\" src=\"https:\/\/www.infotorrent.es\/wp-content\/uploads\/2019\/03\/falleres-majors-corts-valencianes-5.jpg\" alt=\"\" width=\"750\" height=\"562\" \/><\/p>\n","protected":false},"excerpt":{"rendered":"<p>Les falleres majors de Torrent, Carmen Raga i Leyre Gallego, amb les seues corts d&#8217;honor han continuat hui la seua ronda de visites institucionals. En companyia del regidor de Falles, Jos\u00e9 Antonio Castillejo, han visitat hui les Corts Valencianes, on han sigut rebudes pel seu president, Enric Morera. La delegaci\u00f3 fallera local ha concl\u00f3s el [&hellip;]<\/p>\n","protected":false},"author":3,"featured_media":11003,"comment_status":"closed","ping_status":"open","sticky":false,"template":"","format":"standard","meta":{"_acf_changed":false,"footnotes":""},"categories":[156,116],"tags":[],"class_list":["post-11001","post","type-post","status-publish","format-standard","has-post-thumbnail","hentry","category-festes-i-tradicions-2","category-noticies"],"acf":[],"_links":{"self":[{"href":"https:\/\/infotorrent.es\/ca\/wp-json\/wp\/v2\/posts\/11001","targetHints":{"allow":["GET"]}}],"collection":[{"href":"https:\/\/infotorrent.es\/ca\/wp-json\/wp\/v2\/posts"}],"about":[{"href":"https:\/\/infotorrent.es\/ca\/wp-json\/wp\/v2\/types\/post"}],"author":[{"embeddable":true,"href":"https:\/\/infotorrent.es\/ca\/wp-json\/wp\/v2\/users\/3"}],"replies":[{"embeddable":true,"href":"https:\/\/infotorrent.es\/ca\/wp-json\/wp\/v2\/comments?post=11001"}],"version-history":[{"count":0,"href":"https:\/\/infotorrent.es\/ca\/wp-json\/wp\/v2\/posts\/11001\/revisions"}],"wp:featuredmedia":[{"embeddable":true,"href":"https:\/\/infotorrent.es\/ca\/wp-json\/wp\/v2\/media\/11003"}],"wp:attachment":[{"href":"https:\/\/infotorrent.es\/ca\/wp-json\/wp\/v2\/media?parent=11001"}],"wp:term":[{"taxonomy":"category","embeddable":true,"href":"https:\/\/infotorrent.es\/ca\/wp-json\/wp\/v2\/categories?post=11001"},{"taxonomy":"post_tag","embeddable":true,"href":"https:\/\/infotorrent.es\/ca\/wp-json\/wp\/v2\/tags?post=11001"}],"curies":[{"name":"wp","href":"https:\/\/api.w.org\/{rel}","templated":true}]}}