{"id":10997,"date":"2019-03-13T14:48:51","date_gmt":"2019-03-13T14:48:51","guid":{"rendered":"https:\/\/infotorrent.es\/uncategorized\/les-falleres-majors-de-torrent-visiten-la-policia-local-i-nacional\/"},"modified":"2019-03-13T14:53:09","modified_gmt":"2019-03-13T14:53:09","slug":"les-falleres-majors-de-torrent-visiten-la-policia-local-i-nacional","status":"publish","type":"post","link":"https:\/\/infotorrent.es\/ca\/noticies\/les-falleres-majors-de-torrent-visiten-la-policia-local-i-nacional\/","title":{"rendered":"Les falleres majors de Torrent visiten la Policia Local i Nacional"},"content":{"rendered":"<p style=\"text-align: justify;\">El compte enrere per a la setmana gran de les falles de 2019 ja ha comen\u00e7at i els carrers de Torrent ja estan plens de festa. Hui les falleres majors de Torrent, Carmen Raga Ort\u00ed i Leyre Gallego Ruiz, han encetat la jornada amb la visita institucional als cossos de seguretat de la ciutat per a agrair la coordinaci\u00f3 i el gran treball que cada dia duen a terme per tal de vetlar per la seguretat de la ciutadania.<\/p>\n<p style=\"text-align: justify;\">Al ritme de dol\u00e7aina i tabalet i acompanyades de les corts d\u2019honor i el regidor de Festes, Jos\u00e9 Antonio Castillejo, les m\u00e0ximes representants de les festes josefines han visitat el concessionari Ford de Torrent. Despr\u00e9s, la comitiva s\u2019ha dirigit a la comissaria de la Policia Nacional i, per a tancar la jornada, han visitat la Policia Local, on han sigut rebudes per Eduardo Mart\u00ednez Asensi, comissari en cap.<\/p>\n<p style=\"text-align: justify;\"><strong>Recepci\u00f3 Diputaci\u00f3\u00a0\u00a0 <\/strong><br \/>\nAhir de vesprada, les falleres majors de Torrent participaren en la recepci\u00f3 fallera de la Diputaci\u00f3 de Val\u00e8ncia, celebrada en el Palau de la Batlia. La fallera major de Val\u00e8ncia, Marina Civera Moreno, va rebre els participants d\u2019este acte que va tindre la pres\u00e8ncia de centenars de fallers i falleres de les comissions torrentines, de tota Val\u00e8ncia i de la comarca.<\/p>\n<p>&nbsp;<\/p>\n<p><img fetchpriority=\"high\" decoding=\"async\" class=\"size-full wp-image-24955 aligncenter\" src=\"https:\/\/www.infotorrent.es\/wp-content\/uploads\/2019\/03\/Diputaci\u00f3.jpg\" alt=\"\" width=\"623\" height=\"467\" \/><\/p>\n<p><img decoding=\"async\" class=\"size-full wp-image-24957 aligncenter\" src=\"https:\/\/www.infotorrent.es\/wp-content\/uploads\/2019\/03\/Diputaci\u00f31.jpg\" alt=\"\" width=\"623\" height=\"467\" \/><\/p>\n<p><img decoding=\"async\" class=\"size-full wp-image-24959 aligncenter\" src=\"https:\/\/www.infotorrent.es\/wp-content\/uploads\/2019\/03\/Visita-fallera.jpg\" alt=\"\" width=\"700\" height=\"467\" \/><\/p>\n<p><img loading=\"lazy\" decoding=\"async\" class=\"size-full wp-image-24961 aligncenter\" src=\"https:\/\/www.infotorrent.es\/wp-content\/uploads\/2019\/03\/Visita-fallera1.jpg\" alt=\"\" width=\"700\" height=\"467\" \/><\/p>\n<p><img loading=\"lazy\" decoding=\"async\" class=\"size-full wp-image-24965 aligncenter\" src=\"https:\/\/www.infotorrent.es\/wp-content\/uploads\/2019\/03\/Visita-fallera3.jpg\" alt=\"\" width=\"700\" height=\"467\" \/><\/p>\n<p><img loading=\"lazy\" decoding=\"async\" class=\"size-full wp-image-24967 aligncenter\" src=\"https:\/\/www.infotorrent.es\/wp-content\/uploads\/2019\/03\/Visita-fallera4.jpeg\" alt=\"\" width=\"623\" height=\"467\" \/><\/p>\n<p><img loading=\"lazy\" decoding=\"async\" class=\"size-full wp-image-24969 aligncenter\" src=\"https:\/\/www.infotorrent.es\/wp-content\/uploads\/2019\/03\/Visita-Ford.jpeg\" alt=\"\" width=\"623\" height=\"467\" \/><\/p>\n","protected":false},"excerpt":{"rendered":"<p>El compte enrere per a la setmana gran de les falles de 2019 ja ha comen\u00e7at i els carrers de Torrent ja estan plens de festa. Hui les falleres majors de Torrent, Carmen Raga Ort\u00ed i Leyre Gallego Ruiz, han encetat la jornada amb la visita institucional als cossos de seguretat de la ciutat per [&hellip;]<\/p>\n","protected":false},"author":9,"featured_media":10999,"comment_status":"closed","ping_status":"open","sticky":false,"template":"","format":"standard","meta":{"_acf_changed":false,"footnotes":""},"categories":[156,116],"tags":[944],"class_list":["post-10997","post","type-post","status-publish","format-standard","has-post-thumbnail","hentry","category-festes-i-tradicions-2","category-noticies","tag-carmen-ragafalles-2019jose-antonio-castillejoleyre-gallego"],"acf":[],"_links":{"self":[{"href":"https:\/\/infotorrent.es\/ca\/wp-json\/wp\/v2\/posts\/10997","targetHints":{"allow":["GET"]}}],"collection":[{"href":"https:\/\/infotorrent.es\/ca\/wp-json\/wp\/v2\/posts"}],"about":[{"href":"https:\/\/infotorrent.es\/ca\/wp-json\/wp\/v2\/types\/post"}],"author":[{"embeddable":true,"href":"https:\/\/infotorrent.es\/ca\/wp-json\/wp\/v2\/users\/9"}],"replies":[{"embeddable":true,"href":"https:\/\/infotorrent.es\/ca\/wp-json\/wp\/v2\/comments?post=10997"}],"version-history":[{"count":0,"href":"https:\/\/infotorrent.es\/ca\/wp-json\/wp\/v2\/posts\/10997\/revisions"}],"wp:featuredmedia":[{"embeddable":true,"href":"https:\/\/infotorrent.es\/ca\/wp-json\/wp\/v2\/media\/10999"}],"wp:attachment":[{"href":"https:\/\/infotorrent.es\/ca\/wp-json\/wp\/v2\/media?parent=10997"}],"wp:term":[{"taxonomy":"category","embeddable":true,"href":"https:\/\/infotorrent.es\/ca\/wp-json\/wp\/v2\/categories?post=10997"},{"taxonomy":"post_tag","embeddable":true,"href":"https:\/\/infotorrent.es\/ca\/wp-json\/wp\/v2\/tags?post=10997"}],"curies":[{"name":"wp","href":"https:\/\/api.w.org\/{rel}","templated":true}]}}