{"id":10994,"date":"2019-03-13T14:39:50","date_gmt":"2019-03-13T14:39:50","guid":{"rendered":"https:\/\/infotorrent.es\/uncategorized\/torrent-se-suma-a-la-campanya-per-a-fomentar-el-reciclatge-de-vidre-en-falles\/"},"modified":"2019-03-13T14:43:19","modified_gmt":"2019-03-13T14:43:19","slug":"torrent-se-suma-a-la-campanya-per-a-fomentar-el-reciclatge-de-vidre-en-falles","status":"publish","type":"post","link":"https:\/\/infotorrent.es\/ca\/noticies\/torrent-se-suma-a-la-campanya-per-a-fomentar-el-reciclatge-de-vidre-en-falles\/","title":{"rendered":"Torrent se suma a la campanya per a fomentar el reciclatge de vidre en Falles"},"content":{"rendered":"<p style=\"text-align: justify;\"><strong>Educadors ambientals visitaran els casals per a informar sobre la import\u00e0ncia del reciclatge i dels beneficis per al medi ambient<\/strong><\/p>\n<p style=\"text-align: justify;\">L&#8217;Ajuntament de Torrent, amb la Generalitat Valenciana i Ecovidrio, entitat sense \u00e0nim de lucre encarregada de la gesti\u00f3 del reciclatge d&#8217;envasos, han posat en marxa la campanya \u201cRecicla vidre\u201d per a la promoci\u00f3 del reciclatge d\u2019envasos de vidre durant les Falles 2019.<\/p>\n<p style=\"text-align: justify;\"><strong>\u201cLa iniciativa pret\u00e9n conscienciar els ciutadans de Torrent, i especialment els fallers, sobre la import\u00e0ncia de separar correctament els residus d&#8217;envasos de vidre durant el transcurs de les festes\u201d<\/strong>, ha indicat la regidora de Desenvolupament Sostenible, Inma Amat. Per este motiu, es retolaran els contenidors de vidre pr\u00f2xims als casals per a donar visibilitat a la campanya i es depositaran contenidors en els casals fallers. A m\u00e9s, educadors ambientals visitaran els casals per a informar sobre la import\u00e0ncia del reciclatge dels envasos de vidre i dels beneficis que este fet reporta al medi ambient i a la societat.<\/p>\n<p style=\"text-align: justify;\">\u201cRecicla vidre\u201d t\u00e9 el suport de la Generalitat Valenciana, i amb Ecovidrio aposten per col\u00b7laborar amb els fallers per a millorar la sostenibilitat de les festes i que siguen m\u00e9s respectuoses amb el medi ambient a trav\u00e9s d\u2019una correcta gesti\u00f3 dels residus d&#8217;envasos de vidre. Torrent se suma aix\u00ed a esta iniciativa, que es duu a terme en m\u00e9s de 10 poblacions de Val\u00e8ncia, i que pret\u00e9n continuar millorant les taxes de reciclatge de vidre i enfortir la imatge del m\u00f3n faller comprom\u00e9s amb el medi ambient. Segons esta entitat sense \u00e0nim de lucre, el vidre que es deposita en els contenidors es recicla al 100% i s&#8217;utilitza per a la fabricaci\u00f3 d\u2019envasos nous, de forma indefinida i sense perdre les propietats originals, per la qual cosa amb el reciclatge de vidre s&#8217;evita el creixement dels abocadors.<\/p>\n<p>&nbsp;<\/p>\n<p><img fetchpriority=\"high\" decoding=\"async\" class=\"size-full wp-image-24947 aligncenter\" src=\"https:\/\/www.infotorrent.es\/wp-content\/uploads\/2019\/03\/contenidors-falles.jpg\" alt=\"\" width=\"700\" height=\"467\" \/><\/p>\n","protected":false},"excerpt":{"rendered":"<p>Educadors ambientals visitaran els casals per a informar sobre la import\u00e0ncia del reciclatge i dels beneficis per al medi ambient L&#8217;Ajuntament de Torrent, amb la Generalitat Valenciana i Ecovidrio, entitat sense \u00e0nim de lucre encarregada de la gesti\u00f3 del reciclatge d&#8217;envasos, han posat en marxa la campanya \u201cRecicla vidre\u201d per a la promoci\u00f3 del reciclatge [&hellip;]<\/p>\n","protected":false},"author":9,"featured_media":10996,"comment_status":"closed","ping_status":"open","sticky":false,"template":"","format":"standard","meta":{"_acf_changed":false,"footnotes":""},"categories":[119,116],"tags":[943],"class_list":["post-10994","post","type-post","status-publish","format-standard","has-post-thumbnail","hentry","category-medi-ambient","category-noticies","tag-falles-2019"],"acf":[],"_links":{"self":[{"href":"https:\/\/infotorrent.es\/ca\/wp-json\/wp\/v2\/posts\/10994","targetHints":{"allow":["GET"]}}],"collection":[{"href":"https:\/\/infotorrent.es\/ca\/wp-json\/wp\/v2\/posts"}],"about":[{"href":"https:\/\/infotorrent.es\/ca\/wp-json\/wp\/v2\/types\/post"}],"author":[{"embeddable":true,"href":"https:\/\/infotorrent.es\/ca\/wp-json\/wp\/v2\/users\/9"}],"replies":[{"embeddable":true,"href":"https:\/\/infotorrent.es\/ca\/wp-json\/wp\/v2\/comments?post=10994"}],"version-history":[{"count":0,"href":"https:\/\/infotorrent.es\/ca\/wp-json\/wp\/v2\/posts\/10994\/revisions"}],"wp:featuredmedia":[{"embeddable":true,"href":"https:\/\/infotorrent.es\/ca\/wp-json\/wp\/v2\/media\/10996"}],"wp:attachment":[{"href":"https:\/\/infotorrent.es\/ca\/wp-json\/wp\/v2\/media?parent=10994"}],"wp:term":[{"taxonomy":"category","embeddable":true,"href":"https:\/\/infotorrent.es\/ca\/wp-json\/wp\/v2\/categories?post=10994"},{"taxonomy":"post_tag","embeddable":true,"href":"https:\/\/infotorrent.es\/ca\/wp-json\/wp\/v2\/tags?post=10994"}],"curies":[{"name":"wp","href":"https:\/\/api.w.org\/{rel}","templated":true}]}}