{"id":10985,"date":"2019-03-12T14:48:26","date_gmt":"2019-03-12T14:48:26","guid":{"rendered":"https:\/\/infotorrent.es\/uncategorized\/les-falles-de-torrent-arrepleguen-els-premis-a-lus-del-valencia-en-els-llibrets\/"},"modified":"2019-03-12T14:52:17","modified_gmt":"2019-03-12T14:52:17","slug":"les-falles-de-torrent-arrepleguen-els-premis-a-lus-del-valencia-en-els-llibrets","status":"publish","type":"post","link":"https:\/\/infotorrent.es\/ca\/noticies\/les-falles-de-torrent-arrepleguen-els-premis-a-lus-del-valencia-en-els-llibrets\/","title":{"rendered":"Les falles de Torrent arrepleguen els premis de Conselleria a l\u2019\u00fas del valenci\u00e0 en els llibrets"},"content":{"rendered":"<p style=\"text-align: justify;\"><strong>Vicente Caballer es retira amb una mascletada nocturna en la falla Sant Valeri\u00e0<\/strong><\/p>\n<p style=\"text-align: justify;\">Les falles de Torrent calfen motors per a celebrar la setmana gran i durant el cap de setmana passat l\u2019activitat no ha parat. Diumenge a la vesprada, la Generalitat Valenciana va concedir el Premi a l\u2019\u00das del Valenci\u00e0 en els Llibrets a sis comissions falleres de Torrent. Les falles que van obtindre estos reconeixements van ser: Carrer Benem\u00e8rita Gu\u00e0rdia Civil, Avinguda, Pla\u00e7a Sant Roc, Sant Valeri\u00e0, Ram\u00f3n y Cajal i Sant Gregori.<\/p>\n<p style=\"text-align: justify;\"><img fetchpriority=\"high\" decoding=\"async\" class=\"aligncenter size-full wp-image-24913\" src=\"https:\/\/www.infotorrent.es\/wp-content\/uploads\/2019\/03\/Premis-llibrets3.jpg\" alt=\"\" width=\"960\" height=\"720\" \/><\/p>\n<p style=\"text-align: justify;\"><img decoding=\"async\" class=\"aligncenter size-full wp-image-24906\" src=\"https:\/\/www.infotorrent.es\/wp-content\/uploads\/2019\/03\/Premis-llibrets2.jpg\" alt=\"\" width=\"960\" height=\"720\" \/><\/p>\n<p style=\"text-align: justify;\"><img decoding=\"async\" class=\"aligncenter size-full wp-image-24904\" src=\"https:\/\/www.infotorrent.es\/wp-content\/uploads\/2019\/03\/Premis5.jpg\" alt=\"\" width=\"960\" height=\"720\" \/><\/p>\n<p style=\"text-align: justify;\"><img loading=\"lazy\" decoding=\"async\" class=\"aligncenter size-full wp-image-24900\" src=\"https:\/\/www.infotorrent.es\/wp-content\/uploads\/2019\/03\/Premis-llibrets4.jpg\" alt=\"\" width=\"960\" height=\"720\" \/><\/p>\n<p style=\"text-align: justify;\"><img loading=\"lazy\" decoding=\"async\" class=\"aligncenter size-full wp-image-24902\" src=\"https:\/\/www.infotorrent.es\/wp-content\/uploads\/2019\/03\/Premi-llibrets1.jpg\" alt=\"\" width=\"960\" height=\"720\" \/><\/p>\n<p style=\"text-align: justify;\"><img loading=\"lazy\" decoding=\"async\" class=\"aligncenter size-full wp-image-24908\" src=\"https:\/\/www.infotorrent.es\/wp-content\/uploads\/2019\/03\/Premis6.jpg\" alt=\"\" width=\"960\" height=\"720\" \/><\/p>\n<p style=\"text-align: justify;\">D\u2019altra banda, les falleres majors de Torrent, Carmen Raga Ort\u00ed i Leyre Gallego Ruiz, amb les corts d\u2019honor, van visitar diumenge al mat\u00ed l\u2019Exposici\u00f3 del Ninot de Val\u00e8ncia. Una jornada molt divertida i que \u00e9s el pre\u00e0mbul a tots els actes de l\u2019agenda fallera.<\/p>\n<p style=\"text-align: justify;\"><img loading=\"lazy\" decoding=\"async\" class=\"aligncenter size-full wp-image-24911\" src=\"https:\/\/www.infotorrent.es\/wp-content\/uploads\/2019\/03\/Expo-Ninot.jpg\" alt=\"\" width=\"960\" height=\"640\" \/><br \/>\n<strong>Comiat de Vicente Caballer<\/strong><br \/>\nUn dels grans mestres pirot\u00e8cnics, Vicente Caballer, es retira amb una gran mascletada nocturna en la falla Sant Valeri\u00e0. L\u2019espectacle, que tindr\u00e0 lloc a les 23 h del dia 19, s\u2019ha avan\u00e7at d\u2019hora per a respectar el descans del ve\u00efnat. La mascletada tindr\u00e0 grans sorpreses, molt de color, efectes i un final apote\u00f2sic.<\/p>\n","protected":false},"excerpt":{"rendered":"<p>Vicente Caballer es retira amb una mascletada nocturna en la falla Sant Valeri\u00e0 Les falles de Torrent calfen motors per a celebrar la setmana gran i durant el cap de setmana passat l\u2019activitat no ha parat. Diumenge a la vesprada, la Generalitat Valenciana va concedir el Premi a l\u2019\u00das del Valenci\u00e0 en els Llibrets a [&hellip;]<\/p>\n","protected":false},"author":6,"featured_media":10987,"comment_status":"closed","ping_status":"open","sticky":false,"template":"","format":"standard","meta":{"_acf_changed":false,"footnotes":""},"categories":[156,116],"tags":[259],"class_list":["post-10985","post","type-post","status-publish","format-standard","has-post-thumbnail","hentry","category-festes-i-tradicions-2","category-noticies","tag-ajuntament-de-torrenttorrent"],"acf":[],"_links":{"self":[{"href":"https:\/\/infotorrent.es\/ca\/wp-json\/wp\/v2\/posts\/10985","targetHints":{"allow":["GET"]}}],"collection":[{"href":"https:\/\/infotorrent.es\/ca\/wp-json\/wp\/v2\/posts"}],"about":[{"href":"https:\/\/infotorrent.es\/ca\/wp-json\/wp\/v2\/types\/post"}],"author":[{"embeddable":true,"href":"https:\/\/infotorrent.es\/ca\/wp-json\/wp\/v2\/users\/6"}],"replies":[{"embeddable":true,"href":"https:\/\/infotorrent.es\/ca\/wp-json\/wp\/v2\/comments?post=10985"}],"version-history":[{"count":0,"href":"https:\/\/infotorrent.es\/ca\/wp-json\/wp\/v2\/posts\/10985\/revisions"}],"wp:featuredmedia":[{"embeddable":true,"href":"https:\/\/infotorrent.es\/ca\/wp-json\/wp\/v2\/media\/10987"}],"wp:attachment":[{"href":"https:\/\/infotorrent.es\/ca\/wp-json\/wp\/v2\/media?parent=10985"}],"wp:term":[{"taxonomy":"category","embeddable":true,"href":"https:\/\/infotorrent.es\/ca\/wp-json\/wp\/v2\/categories?post=10985"},{"taxonomy":"post_tag","embeddable":true,"href":"https:\/\/infotorrent.es\/ca\/wp-json\/wp\/v2\/tags?post=10985"}],"curies":[{"name":"wp","href":"https:\/\/api.w.org\/{rel}","templated":true}]}}