{"id":10982,"date":"2019-03-12T14:39:38","date_gmt":"2019-03-12T14:39:38","guid":{"rendered":"https:\/\/infotorrent.es\/uncategorized\/lexposicio-de-genaro-palau-estrena-visites-guiades\/"},"modified":"2019-03-12T14:35:44","modified_gmt":"2019-03-12T14:35:44","slug":"lexposicio-de-genaro-palau-estrena-visites-guiades","status":"publish","type":"post","link":"https:\/\/infotorrent.es\/ca\/noticies\/lexposicio-de-genaro-palau-estrena-visites-guiades\/","title":{"rendered":"L&#8217;exposici\u00f3 de Genaro Palau estrena visites guiades"},"content":{"rendered":"<p style=\"text-align: justify;\">Una vintena de persones van participar dissabte en la primera visita a la mostra \u201cGenaro Palau, un pintor de Torrent\u201d, que pot contemplar-se en l\u2019EMAT. L\u2019exposici\u00f3 de Genaro Palau estrena aix\u00ed la possibilitat de fer la visita amb un guia expert que ajuda a con\u00e9ixer en profunditat la vida i l\u2019obra de l\u2019artista torrent\u00ed. Les visites guiades s\u00f3n els dissabtes i diumenges a les 12 hores i no \u00e9s necessari inscriure-s\u2019hi amb antelaci\u00f3, nom\u00e9s cal acudir a la sala. La regidora de Cultura, Susi Ferrer, va participar en la primera visita guiada.<\/p>\n<p><img fetchpriority=\"high\" decoding=\"async\" class=\"aligncenter size-full wp-image-24882\" src=\"https:\/\/www.infotorrent.es\/wp-content\/uploads\/2019\/03\/genaro-palau-1.jpg\" alt=\"\" width=\"1000\" height=\"667\" \/><\/p>\n<p><img decoding=\"async\" class=\"aligncenter size-full wp-image-24884\" src=\"https:\/\/www.infotorrent.es\/wp-content\/uploads\/2019\/03\/genaro_palau_visitaguiada.png\" alt=\"\" width=\"1000\" height=\"1000\" \/><\/p>\n","protected":false},"excerpt":{"rendered":"<p>Una vintena de persones van participar dissabte en la primera visita a la mostra \u201cGenaro Palau, un pintor de Torrent\u201d, que pot contemplar-se en l\u2019EMAT. L\u2019exposici\u00f3 de Genaro Palau estrena aix\u00ed la possibilitat de fer la visita amb un guia expert que ajuda a con\u00e9ixer en profunditat la vida i l\u2019obra de l\u2019artista torrent\u00ed. Les [&hellip;]<\/p>\n","protected":false},"author":6,"featured_media":10984,"comment_status":"closed","ping_status":"open","sticky":false,"template":"","format":"standard","meta":{"_acf_changed":false,"footnotes":""},"categories":[117,116],"tags":[],"class_list":["post-10982","post","type-post","status-publish","format-standard","has-post-thumbnail","hentry","category-cultura","category-noticies"],"acf":[],"_links":{"self":[{"href":"https:\/\/infotorrent.es\/ca\/wp-json\/wp\/v2\/posts\/10982","targetHints":{"allow":["GET"]}}],"collection":[{"href":"https:\/\/infotorrent.es\/ca\/wp-json\/wp\/v2\/posts"}],"about":[{"href":"https:\/\/infotorrent.es\/ca\/wp-json\/wp\/v2\/types\/post"}],"author":[{"embeddable":true,"href":"https:\/\/infotorrent.es\/ca\/wp-json\/wp\/v2\/users\/6"}],"replies":[{"embeddable":true,"href":"https:\/\/infotorrent.es\/ca\/wp-json\/wp\/v2\/comments?post=10982"}],"version-history":[{"count":0,"href":"https:\/\/infotorrent.es\/ca\/wp-json\/wp\/v2\/posts\/10982\/revisions"}],"wp:featuredmedia":[{"embeddable":true,"href":"https:\/\/infotorrent.es\/ca\/wp-json\/wp\/v2\/media\/10984"}],"wp:attachment":[{"href":"https:\/\/infotorrent.es\/ca\/wp-json\/wp\/v2\/media?parent=10982"}],"wp:term":[{"taxonomy":"category","embeddable":true,"href":"https:\/\/infotorrent.es\/ca\/wp-json\/wp\/v2\/categories?post=10982"},{"taxonomy":"post_tag","embeddable":true,"href":"https:\/\/infotorrent.es\/ca\/wp-json\/wp\/v2\/tags?post=10982"}],"curies":[{"name":"wp","href":"https:\/\/api.w.org\/{rel}","templated":true}]}}