{"id":10970,"date":"2019-03-11T14:20:45","date_gmt":"2019-03-11T14:20:45","guid":{"rendered":"https:\/\/infotorrent.es\/uncategorized\/adisto-celebra-la-seua-jornada-fallera-amb-ofrena-i-crema\/"},"modified":"2019-03-11T14:19:11","modified_gmt":"2019-03-11T14:19:11","slug":"adisto-celebra-la-seua-jornada-fallera-amb-ofrena-i-crema","status":"publish","type":"post","link":"https:\/\/infotorrent.es\/ca\/noticies\/adisto-celebra-la-seua-jornada-fallera-amb-ofrena-i-crema\/","title":{"rendered":"ADISTO celebra la jornada fallera amb ofrena i crema"},"content":{"rendered":"<p style=\"text-align: justify;\">L\u2019associaci\u00f3 ADISTO va celebrar el cap de setmana passat la seua festa fallera. La jornada festiva va comen\u00e7ar amb un desdejuni popular i una cercavila pels voltants de la parr\u00f2quia de la Sagrada Fam\u00edlia. La festa va concloure amb la crema de la falla, que enguany mostrava monuments de tot el m\u00f3n. Les falleres majors de Torrent, Carmen Raga i Leyre Gallego, i les corts d\u2019honor, en companyia de l\u2019alcalde, Jes\u00fas Ros, i el regidor d\u2019Atenci\u00f3 a les Persones, Francesc Carbonell, van acompanyar els membres d\u2019Adisto en la jornada fallera que vol ser un avan\u00e7ament de les festes josefines. La fallera major d\u2019Adisto i la presidenta, Noelia Copete i Marina S\u00e1nchez, respectivament, van viure la jornada amb una emoci\u00f3 especial.<\/p>\n<p><img fetchpriority=\"high\" decoding=\"async\" class=\"size-full wp-image-24817 aligncenter\" src=\"https:\/\/www.infotorrent.es\/wp-content\/uploads\/2019\/03\/adisto-passacarrer-2.jpg\" alt=\"\" width=\"750\" height=\"500\" \/><\/p>\n<p><img decoding=\"async\" class=\"size-full wp-image-24819 aligncenter\" src=\"https:\/\/www.infotorrent.es\/wp-content\/uploads\/2019\/03\/adisto-4.jpg\" alt=\"\" width=\"750\" height=\"500\" \/><\/p>\n","protected":false},"excerpt":{"rendered":"<p>L\u2019associaci\u00f3 ADISTO va celebrar el cap de setmana passat la seua festa fallera. La jornada festiva va comen\u00e7ar amb un desdejuni popular i una cercavila pels voltants de la parr\u00f2quia de la Sagrada Fam\u00edlia. La festa va concloure amb la crema de la falla, que enguany mostrava monuments de tot el m\u00f3n. Les falleres majors [&hellip;]<\/p>\n","protected":false},"author":3,"featured_media":10972,"comment_status":"closed","ping_status":"open","sticky":false,"template":"","format":"standard","meta":{"_acf_changed":false,"footnotes":""},"categories":[156,116],"tags":[],"class_list":["post-10970","post","type-post","status-publish","format-standard","has-post-thumbnail","hentry","category-festes-i-tradicions-2","category-noticies"],"acf":[],"_links":{"self":[{"href":"https:\/\/infotorrent.es\/ca\/wp-json\/wp\/v2\/posts\/10970","targetHints":{"allow":["GET"]}}],"collection":[{"href":"https:\/\/infotorrent.es\/ca\/wp-json\/wp\/v2\/posts"}],"about":[{"href":"https:\/\/infotorrent.es\/ca\/wp-json\/wp\/v2\/types\/post"}],"author":[{"embeddable":true,"href":"https:\/\/infotorrent.es\/ca\/wp-json\/wp\/v2\/users\/3"}],"replies":[{"embeddable":true,"href":"https:\/\/infotorrent.es\/ca\/wp-json\/wp\/v2\/comments?post=10970"}],"version-history":[{"count":0,"href":"https:\/\/infotorrent.es\/ca\/wp-json\/wp\/v2\/posts\/10970\/revisions"}],"wp:featuredmedia":[{"embeddable":true,"href":"https:\/\/infotorrent.es\/ca\/wp-json\/wp\/v2\/media\/10972"}],"wp:attachment":[{"href":"https:\/\/infotorrent.es\/ca\/wp-json\/wp\/v2\/media?parent=10970"}],"wp:term":[{"taxonomy":"category","embeddable":true,"href":"https:\/\/infotorrent.es\/ca\/wp-json\/wp\/v2\/categories?post=10970"},{"taxonomy":"post_tag","embeddable":true,"href":"https:\/\/infotorrent.es\/ca\/wp-json\/wp\/v2\/tags?post=10970"}],"curies":[{"name":"wp","href":"https:\/\/api.w.org\/{rel}","templated":true}]}}