{"id":10967,"date":"2019-03-11T14:11:53","date_gmt":"2019-03-11T14:11:53","guid":{"rendered":"https:\/\/infotorrent.es\/uncategorized\/el-centre-cultural-rociero-celebra-el-dia-dandalusia-i-el-dia-de-la-dona\/"},"modified":"2019-03-11T14:10:18","modified_gmt":"2019-03-11T14:10:18","slug":"el-centre-cultural-rociero-celebra-el-dia-dandalusia-i-el-dia-de-la-dona","status":"publish","type":"post","link":"https:\/\/infotorrent.es\/ca\/noticies\/el-centre-cultural-rociero-celebra-el-dia-dandalusia-i-el-dia-de-la-dona\/","title":{"rendered":"El Centre Cultural Rociero celebra el Dia d\u2019Andalusia i el Dia de la Dona"},"content":{"rendered":"<p>El Centre Cultural Rociero va celebrar dissabte el Dia d\u2019Andalusia i el Dia de la Dona en una festa que va combinar cultura i diversi\u00f3. La festa comen\u00e7\u00e0 amb una missa cantada amb la participaci\u00f3 del cor Els rocieros de Torrent en la parr\u00f2quia de la Sagrada Fam\u00edlia. La jornada continu\u00e0 amb una desfilada de moda flamenca, un sopar i una actuaci\u00f3 de quadres de ball.<\/p>\n<p><img fetchpriority=\"high\" decoding=\"async\" class=\"size-full wp-image-24806 aligncenter\" src=\"https:\/\/www.infotorrent.es\/wp-content\/uploads\/2019\/03\/dia-andalucia-1.jpg\" alt=\"\" width=\"750\" height=\"500\" \/><\/p>\n<p><img decoding=\"async\" class=\"size-full wp-image-24808 aligncenter\" src=\"https:\/\/www.infotorrent.es\/wp-content\/uploads\/2019\/03\/dia_andalucia6.jpg\" alt=\"\" width=\"750\" height=\"562\" \/><\/p>\n","protected":false},"excerpt":{"rendered":"<p>El Centre Cultural Rociero va celebrar dissabte el Dia d\u2019Andalusia i el Dia de la Dona en una festa que va combinar cultura i diversi\u00f3. La festa comen\u00e7\u00e0 amb una missa cantada amb la participaci\u00f3 del cor Els rocieros de Torrent en la parr\u00f2quia de la Sagrada Fam\u00edlia. La jornada continu\u00e0 amb una desfilada de [&hellip;]<\/p>\n","protected":false},"author":3,"featured_media":10969,"comment_status":"closed","ping_status":"open","sticky":false,"template":"","format":"standard","meta":{"_acf_changed":false,"footnotes":""},"categories":[117,116],"tags":[],"class_list":["post-10967","post","type-post","status-publish","format-standard","has-post-thumbnail","hentry","category-cultura","category-noticies"],"acf":[],"_links":{"self":[{"href":"https:\/\/infotorrent.es\/ca\/wp-json\/wp\/v2\/posts\/10967","targetHints":{"allow":["GET"]}}],"collection":[{"href":"https:\/\/infotorrent.es\/ca\/wp-json\/wp\/v2\/posts"}],"about":[{"href":"https:\/\/infotorrent.es\/ca\/wp-json\/wp\/v2\/types\/post"}],"author":[{"embeddable":true,"href":"https:\/\/infotorrent.es\/ca\/wp-json\/wp\/v2\/users\/3"}],"replies":[{"embeddable":true,"href":"https:\/\/infotorrent.es\/ca\/wp-json\/wp\/v2\/comments?post=10967"}],"version-history":[{"count":0,"href":"https:\/\/infotorrent.es\/ca\/wp-json\/wp\/v2\/posts\/10967\/revisions"}],"wp:featuredmedia":[{"embeddable":true,"href":"https:\/\/infotorrent.es\/ca\/wp-json\/wp\/v2\/media\/10969"}],"wp:attachment":[{"href":"https:\/\/infotorrent.es\/ca\/wp-json\/wp\/v2\/media?parent=10967"}],"wp:term":[{"taxonomy":"category","embeddable":true,"href":"https:\/\/infotorrent.es\/ca\/wp-json\/wp\/v2\/categories?post=10967"},{"taxonomy":"post_tag","embeddable":true,"href":"https:\/\/infotorrent.es\/ca\/wp-json\/wp\/v2\/tags?post=10967"}],"curies":[{"name":"wp","href":"https:\/\/api.w.org\/{rel}","templated":true}]}}