{"id":10954,"date":"2019-03-07T14:10:29","date_gmt":"2019-03-07T14:10:29","guid":{"rendered":"https:\/\/infotorrent.es\/uncategorized\/lajuntament-inicia-la-renovacio-de-la-seua-sala-dactes\/"},"modified":"2019-03-07T14:10:00","modified_gmt":"2019-03-07T14:10:00","slug":"lajuntament-inicia-la-renovacio-de-la-seua-sala-dactes","status":"publish","type":"post","link":"https:\/\/infotorrent.es\/ca\/noticies\/lajuntament-inicia-la-renovacio-de-la-seua-sala-dactes\/","title":{"rendered":"L&#8217;Ajuntament inicia la renovaci\u00f3 de la seua sala d&#8217;actes"},"content":{"rendered":"<p><strong>L&#8217;actuaci\u00f3, que forma part de la llista d&#8217;Inversions Financerament Sostenibles, inclou la substituci\u00f3 de les butaques i la reforma de la sala i els accessos<\/strong><\/p>\n<p>En les pr\u00f2ximes setmanes comen\u00e7aran els treballs de millora de la sala d&#8217;actes de l&#8217;Ajuntament de Torrent, que renovar\u00e0 les seues instal\u00b7lacions, despr\u00e9s de m\u00e9s de 40 anys. L&#8217;actuaci\u00f3, amb un per\u00edode d&#8217;execuci\u00f3 de tres mesos i una inversi\u00f3 pr\u00f2xima als 280.000 euros forma part de la llista d&#8217;Inversions Financerament Sostenibles (IFS), una bateria d&#8217;actuacions del programa Estalviar per a invertir que es duran a terme gr\u00e0cies al super\u00e0vit de 4,6 milions d&#8217;euros amb qu\u00e8 es va tancar el passat exercici. El projecte de remodelaci\u00f3 es va presentar ahir en roda de premsa.<\/p>\n<p>D&#8217;una banda est\u00e0 previst el desmuntatge i la substituci\u00f3 de les actuals butaques, tant del pati com de l&#8217;amfiteatre, i la instal\u00b7laci\u00f3 d&#8217;uns seients m\u00e9s moderns i c\u00f2modes. A m\u00e9s dels canvis de butaques, sobre l&#8217;actual s\u00f2l de marbre s&#8217;instal\u00b7lar\u00e0 un nou paviment amb un revestiment que ocultar\u00e0 els actuals desperfectes.<\/p>\n<p>D&#8217;altra banda, unit a la substituci\u00f3 de les butaques i la millora de la sala, es procedir\u00e0 a una remodelaci\u00f3 de les actuals instal\u00b7lacions, tant de la pr\u00f2pia sala com dels espais d&#8217;acc\u00e9s. Tamb\u00e9 es renovar\u00e0 l&#8217;acc\u00e9s des del carrer de Ram\u00f3n y Cajal i la sala que serveix d&#8217;entrada al pati de butaques i a l&#8217;amfiteatre, amb nous banys i una nova il\u00b7luminaci\u00f3. Tamb\u00e9 es pret\u00e9n renovar la caixa esc\u00e8nica i canviar l&#8217;escala d&#8217;acc\u00e9s a l&#8217;escenari des del pati de butaques. El xicotet mur de l&#8217;amfiteatre es cobrir\u00e0 de fusta i s&#8217;eliminar\u00e0, per seguretat, el fragment elevat, la qual cosa generar\u00e0 un xicotet espai de pas en la primera fila. Al mateix temps s&#8217;habilitar\u00e0 un nou espai per a l&#8217;equipament t\u00e8cnic.<\/p>\n<p><a href=\"https:\/\/www.infotorrent.es\/wp-content\/uploads\/2019\/03\/sala-actes-ajuntament-2.jpg\"><img fetchpriority=\"high\" decoding=\"async\" class=\"size-full wp-image-24719 aligncenter\" src=\"https:\/\/www.infotorrent.es\/wp-content\/uploads\/2019\/03\/sala-actes-ajuntament-2.jpg\" alt=\"\" width=\"700\" height=\"467\" \/><\/a><\/p>\n<p>L&#8217;actual sala d&#8217;actes t\u00e9 una antiguitat superior als 40 anys i actualment es destina a una activitat important en mat\u00e8ria d&#8217;actes de car\u00e0cter cultural, estant obert a tota la ciutadania. <strong>\u201cDespr\u00e9s de m\u00e9s de quatre d\u00e8cades, ha arribat el moment d&#8217;actualitzar i modernitzar, gr\u00e0cies a l&#8217;estalvi i a la bona gesti\u00f3, una de les instal\u00b7lacions culturals m\u00e9s usades de Torrent i posar-la de nou molt prompte a la disposici\u00f3 de ciutadans i associacions\u201d<\/strong>, explica l&#8217;alcalde Jes\u00fas Ros.<\/p>\n","protected":false},"excerpt":{"rendered":"<p>L&#8217;actuaci\u00f3, que forma part de la llista d&#8217;Inversions Financerament Sostenibles, inclou la substituci\u00f3 de les butaques i la reforma de la sala i els accessos En les pr\u00f2ximes setmanes comen\u00e7aran els treballs de millora de la sala d&#8217;actes de l&#8217;Ajuntament de Torrent, que renovar\u00e0 les seues instal\u00b7lacions, despr\u00e9s de m\u00e9s de 40 anys. L&#8217;actuaci\u00f3, amb [&hellip;]<\/p>\n","protected":false},"author":4,"featured_media":10956,"comment_status":"closed","ping_status":"open","sticky":false,"template":"","format":"standard","meta":{"_acf_changed":false,"footnotes":""},"categories":[116,133],"tags":[491],"class_list":["post-10954","post","type-post","status-publish","format-standard","has-post-thumbnail","hentry","category-noticies","category-urbanisme","tag-ifsinversion-financieramente-sosteniblesuperavit"],"acf":[],"_links":{"self":[{"href":"https:\/\/infotorrent.es\/ca\/wp-json\/wp\/v2\/posts\/10954","targetHints":{"allow":["GET"]}}],"collection":[{"href":"https:\/\/infotorrent.es\/ca\/wp-json\/wp\/v2\/posts"}],"about":[{"href":"https:\/\/infotorrent.es\/ca\/wp-json\/wp\/v2\/types\/post"}],"author":[{"embeddable":true,"href":"https:\/\/infotorrent.es\/ca\/wp-json\/wp\/v2\/users\/4"}],"replies":[{"embeddable":true,"href":"https:\/\/infotorrent.es\/ca\/wp-json\/wp\/v2\/comments?post=10954"}],"version-history":[{"count":0,"href":"https:\/\/infotorrent.es\/ca\/wp-json\/wp\/v2\/posts\/10954\/revisions"}],"wp:featuredmedia":[{"embeddable":true,"href":"https:\/\/infotorrent.es\/ca\/wp-json\/wp\/v2\/media\/10956"}],"wp:attachment":[{"href":"https:\/\/infotorrent.es\/ca\/wp-json\/wp\/v2\/media?parent=10954"}],"wp:term":[{"taxonomy":"category","embeddable":true,"href":"https:\/\/infotorrent.es\/ca\/wp-json\/wp\/v2\/categories?post=10954"},{"taxonomy":"post_tag","embeddable":true,"href":"https:\/\/infotorrent.es\/ca\/wp-json\/wp\/v2\/tags?post=10954"}],"curies":[{"name":"wp","href":"https:\/\/api.w.org\/{rel}","templated":true}]}}