{"id":10950,"date":"2019-03-07T13:35:57","date_gmt":"2019-03-07T13:35:57","guid":{"rendered":"https:\/\/infotorrent.es\/uncategorized\/mor-el-pare-gerardo-sanchez-als-82-anys\/"},"modified":"2019-03-07T13:38:13","modified_gmt":"2019-03-07T13:38:13","slug":"mor-el-pare-gerardo-sanchez-als-82-anys","status":"publish","type":"post","link":"https:\/\/infotorrent.es\/ca\/noticies\/mor-el-pare-gerardo-sanchez-als-82-anys\/","title":{"rendered":"Mor el pare Gerardo S\u00e1nchez als 82 anys"},"content":{"rendered":"<p><strong>El dominic va destacar pel seu comprom\u00eds amb la societat civil de Torrent i especialment amb els necessitats<\/strong><\/p>\n<p style=\"text-align: justify;\">El religi\u00f3s dominic pare Gerardo S\u00e1nchez Mielgo ha mort hui a Torrent als 82 anys. Lleon\u00e9s de naixement, va destacar pel seu comprom\u00eds amb la societat civil de Torrent i especialment amb els necessitats. El funeral se celebrar\u00e0 dem\u00e0, dia 8, a les 11 hores en el Convent dels Dominics del Vedat<\/p>\n<p style=\"text-align: justify;\">Al maig de 2017, el ple de l&#8217;Ajuntament de Torrent va aprovar per unanimitat nomenar al pare Gerardo Fill Adoptiu de la ciutat, com a reconeixement a la seua traject\u00f2ria de m\u00e9s de cinquanta anys a Torrent i a la seua labor social. L&#8217;any 2013, va rebre el Premi Carta de Poblament per l&#8217;impuls a Torrent de la iniciativa de Llars de Sant Mart\u00ed de Porres i Santa Rosa de Lima, per a la reinserci\u00f3 de transe\u00fcnts cr\u00f2nics. Va ser a m\u00e9s impulsor del barri Sant Gregori, per exemple, amb la creaci\u00f3 de la falla, que va fomentar la uni\u00f3 entre els ve\u00efns i ve\u00efnes.<\/p>\n<p style=\"text-align: justify;\">Gerardo S\u00e1nchez Mielgo va n\u00e0ixer el 6 de maig de 1937 en San Feliz de \u00d3rbigo (Lle\u00f3). Als onze anys va ingressar en el seminari on va estudiar Llat\u00ed i Humanitats i, posteriorment, Filosofia, i va ser ordenat sacerdot en 1961. Va continuar els estudis de Teologia a Roma, on es va especialitzar en Ci\u00e8ncies B\u00edbliques i va obtindre el t\u00edtol de batxiller en Sagrada Escriptura. Seguidament, va estar dos anys a Jerusalem on es va llicenciar en Sagrada Escriptura. De tornada a Roma, va obtindre el t\u00edtol de doctor en Teologia i va ser destinat al convent de l&#8217;orde dels dominics en el Vedat de Torrent, moment en qu\u00e8 comen\u00e7a la seua hist\u00f2ria a la nostra ciutat.<\/p>\n","protected":false},"excerpt":{"rendered":"<p>El dominic va destacar pel seu comprom\u00eds amb la societat civil de Torrent i especialment amb els necessitats El religi\u00f3s dominic pare Gerardo S\u00e1nchez Mielgo ha mort hui a Torrent als 82 anys. Lleon\u00e9s de naixement, va destacar pel seu comprom\u00eds amb la societat civil de Torrent i especialment amb els necessitats. El funeral se [&hellip;]<\/p>\n","protected":false},"author":9,"featured_media":1137,"comment_status":"closed","ping_status":"open","sticky":false,"template":"","format":"standard","meta":{"_acf_changed":false,"footnotes":""},"categories":[116],"tags":[],"class_list":["post-10950","post","type-post","status-publish","format-standard","has-post-thumbnail","hentry","category-noticies"],"acf":[],"_links":{"self":[{"href":"https:\/\/infotorrent.es\/ca\/wp-json\/wp\/v2\/posts\/10950","targetHints":{"allow":["GET"]}}],"collection":[{"href":"https:\/\/infotorrent.es\/ca\/wp-json\/wp\/v2\/posts"}],"about":[{"href":"https:\/\/infotorrent.es\/ca\/wp-json\/wp\/v2\/types\/post"}],"author":[{"embeddable":true,"href":"https:\/\/infotorrent.es\/ca\/wp-json\/wp\/v2\/users\/9"}],"replies":[{"embeddable":true,"href":"https:\/\/infotorrent.es\/ca\/wp-json\/wp\/v2\/comments?post=10950"}],"version-history":[{"count":0,"href":"https:\/\/infotorrent.es\/ca\/wp-json\/wp\/v2\/posts\/10950\/revisions"}],"wp:featuredmedia":[{"embeddable":true,"href":"https:\/\/infotorrent.es\/ca\/wp-json\/wp\/v2\/media\/1137"}],"wp:attachment":[{"href":"https:\/\/infotorrent.es\/ca\/wp-json\/wp\/v2\/media?parent=10950"}],"wp:term":[{"taxonomy":"category","embeddable":true,"href":"https:\/\/infotorrent.es\/ca\/wp-json\/wp\/v2\/categories?post=10950"},{"taxonomy":"post_tag","embeddable":true,"href":"https:\/\/infotorrent.es\/ca\/wp-json\/wp\/v2\/tags?post=10950"}],"curies":[{"name":"wp","href":"https:\/\/api.w.org\/{rel}","templated":true}]}}