{"id":10945,"date":"2019-03-06T14:14:40","date_gmt":"2019-03-06T14:14:40","guid":{"rendered":"https:\/\/infotorrent.es\/uncategorized\/torrent-acull-la-primera-jornada-dun-programa-regional-de-suport-a-emprenedors\/"},"modified":"2019-03-06T14:17:42","modified_gmt":"2019-03-06T14:17:42","slug":"torrent-acull-la-primera-jornada-dun-programa-regional-de-suport-a-emprenedors","status":"publish","type":"post","link":"https:\/\/infotorrent.es\/ca\/noticies\/torrent-acull-la-primera-jornada-dun-programa-regional-de-suport-a-emprenedors\/","title":{"rendered":"Torrent acull la primera jornada d&#8217;un programa regional de suport a emprenedors"},"content":{"rendered":"<p style=\"text-align: justify;\">La Casa de la dona ha acollit aquest mat\u00ed la primera sessi\u00f3 del programa d&#8217;Enfortiment per a Agents del Sistema d&#8217;Emprenedoria de la Comunitat Valenciana, que organitzen els Centres Europeus d&#8217;Empreses Innovadores (CEEIs) de la Comunitat Valenciana en col\u00b7laboraci\u00f3 amb la Federaci\u00f3 de Personal T\u00e8cnic en Gesti\u00f3 del Desenvolupament Local (ADLYPSE). En aquesta ocasi\u00f3, els responsables del CEEI de Val\u00e8ncia han explicat als agents les accions previstes per a l&#8217;exercici de 2019.<\/p>\n<p style=\"text-align: justify;\">El programa, recolzat per l&#8217;Institut Valenci\u00e0 de Competitivitat Empresarial (Ivace) i amb cofinan\u00e7ament europeu, t\u00e9 com a objectiu enfortir l&#8217;activitat di\u00e0ria dels agents que donen suport als emprenedors innovadors per tot el territori posant a la seua disposici\u00f3 eines i metodologies d&#8217;alt valor afegit. El regidor de Gesti\u00f3 de Recursos i Modernitzaci\u00f3 de l&#8217;Ajuntament de Torrent, Andr\u00e9s Campos, ha destacat <strong>\u201cla necessitat de dotar als emprenedors de les eines i l&#8217;assessorament necessaris per al desenvolupament de les seues idees\u201d<\/strong>.<\/p>\n<p style=\"text-align: justify;\">En aquest programa participaran un total de 163 agents de tota la Comunitat i es divideix en quatre sessions. La primera d&#8217;elles s&#8217;ha celebrat a Torrent. Dem\u00e0, 7 de mar\u00e7 a Alacant, el 15 de mar\u00e7 a Castell\u00f3 i el 21 del mateix mes a la ciutat d&#8217;Ontinyent.<\/p>\n<p style=\"text-align: justify;\">Per a la directora general de l&#8217;Ivace, J\u00falia Company <strong>\u201caquest programa i, en particular les jornades que se celebraran posen de manifest la voluntat de la Conselleria d&#8217;Economia Sostenible, i de l&#8217;IVACE, de descentralitzar i fer part\u00edcip de les nostres pol\u00edtiques d&#8217;innovaci\u00f3 a tot el territori de la Comunitat\u201d<\/strong>.<\/p>\n<p style=\"text-align: justify;\">En les sessions que es realitzaran durant aquest mes de mar\u00e7 s&#8217;exposen les eines que tenen en marxa de suport als emprenedors i que posaran a la disposici\u00f3 dels agents. Entre aquestes metodologies destaca l&#8217;eina <em>BIK idea<\/em>, una eina d&#8217;innovaci\u00f3 desenvolupada pels CEEIs de la Comunitat que, mitjan\u00e7ant un treball guiat permet la generaci\u00f3 i desenvolupament de noves idees amb la finalitat d&#8217;aconseguir els objectius plantejats a l&#8217;hora d&#8217;innovar en producte, experi\u00e8ncia de client o model de negoci.<\/p>\n<p style=\"text-align: justify;\">El tancament de la jornada ha sigut a c\u00e0rrec de Jos\u00e9 Domingo Mart\u00ednez, de Serveis Innovadors i Sostenibles de la Diputaci\u00f3 de Val\u00e8ncia i vicepresident d&#8217;Adlypse, i Ricard Calvo, director de GRIDET, que han centrat les seues intervencions en les potencialitats emprenedores territorials, i espec\u00edficament, en la generaci\u00f3 d&#8217;activitat econ\u00f2mica local diferenciada i global.<\/p>\n","protected":false},"excerpt":{"rendered":"<p>La Casa de la dona ha acollit aquest mat\u00ed la primera sessi\u00f3 del programa d&#8217;Enfortiment per a Agents del Sistema d&#8217;Emprenedoria de la Comunitat Valenciana, que organitzen els Centres Europeus d&#8217;Empreses Innovadores (CEEIs) de la Comunitat Valenciana en col\u00b7laboraci\u00f3 amb la Federaci\u00f3 de Personal T\u00e8cnic en Gesti\u00f3 del Desenvolupament Local (ADLYPSE). En aquesta ocasi\u00f3, els [&hellip;]<\/p>\n","protected":false},"author":9,"featured_media":1137,"comment_status":"closed","ping_status":"open","sticky":false,"template":"","format":"standard","meta":{"_acf_changed":false,"footnotes":""},"categories":[129,116],"tags":[],"class_list":["post-10945","post","type-post","status-publish","format-standard","has-post-thumbnail","hentry","category-economia-es-2","category-noticies"],"acf":[],"_links":{"self":[{"href":"https:\/\/infotorrent.es\/ca\/wp-json\/wp\/v2\/posts\/10945","targetHints":{"allow":["GET"]}}],"collection":[{"href":"https:\/\/infotorrent.es\/ca\/wp-json\/wp\/v2\/posts"}],"about":[{"href":"https:\/\/infotorrent.es\/ca\/wp-json\/wp\/v2\/types\/post"}],"author":[{"embeddable":true,"href":"https:\/\/infotorrent.es\/ca\/wp-json\/wp\/v2\/users\/9"}],"replies":[{"embeddable":true,"href":"https:\/\/infotorrent.es\/ca\/wp-json\/wp\/v2\/comments?post=10945"}],"version-history":[{"count":0,"href":"https:\/\/infotorrent.es\/ca\/wp-json\/wp\/v2\/posts\/10945\/revisions"}],"wp:featuredmedia":[{"embeddable":true,"href":"https:\/\/infotorrent.es\/ca\/wp-json\/wp\/v2\/media\/1137"}],"wp:attachment":[{"href":"https:\/\/infotorrent.es\/ca\/wp-json\/wp\/v2\/media?parent=10945"}],"wp:term":[{"taxonomy":"category","embeddable":true,"href":"https:\/\/infotorrent.es\/ca\/wp-json\/wp\/v2\/categories?post=10945"},{"taxonomy":"post_tag","embeddable":true,"href":"https:\/\/infotorrent.es\/ca\/wp-json\/wp\/v2\/tags?post=10945"}],"curies":[{"name":"wp","href":"https:\/\/api.w.org\/{rel}","templated":true}]}}