{"id":10925,"date":"2019-03-04T14:33:57","date_gmt":"2019-03-04T14:33:57","guid":{"rendered":"https:\/\/infotorrent.es\/uncategorized\/torrent-recita-poemes-a-favor-de-la-igualtat\/"},"modified":"2019-03-04T14:39:48","modified_gmt":"2019-03-04T14:39:48","slug":"torrent-recita-poemes-a-favor-de-la-igualtat","status":"publish","type":"post","link":"https:\/\/infotorrent.es\/ca\/noticies\/torrent-recita-poemes-a-favor-de-la-igualtat\/","title":{"rendered":"Torrent recita poemes a favor de la igualtat"},"content":{"rendered":"<p style=\"text-align: justify;\">Des del dia 4 fins al 8 de mar\u00e7 Torrent celebra la XXXIII Setmana de la Dona. Com a acte previ a la programaci\u00f3, el dissabte a la vesprada es va organitzar el recital de poesia &#8220;La comissi\u00f3 Nou d\u2019octubre&#8221;, de la m\u00e0 del Cor d\u2019escola de Gavina. L&#8217;acte va donar inici amb la lectura d&#8217;un manifest a favor de la igualtat entre dones i homes, per a seguir amb una lectura de poemes entorn de la dona. Van participar en la lectura l&#8217;alumnat de diferents col\u00b7legis i instituts de la localitat, associacions i col\u00b7lectius torrentins, a m\u00e9s de la regidora de Pol\u00edtiques d&#8217;Igualtat, Encarna Lerma Bes\u00f3, que va destacar que <strong>\u201chem dissenyat una programaci\u00f3 que oferix una visi\u00f3 de la societat femenina, a trav\u00e9s de les dones, educant i fomentant en valors d&#8217;igualtat\u201d<\/strong>.<\/p>\n<p style=\"text-align: justify;\">Les activitats continuen esta vesprada amb la inauguraci\u00f3 oficial de la Setmana de la Dona, despr\u00e9s de la qual es realitzar\u00e0 la xarrada i col\u00b7loqui &#8220;Qu\u00e8 \u00e9s ser feminista?&#8221;, impartida i coordinada per l&#8217;associaci\u00f3 ALIA. Igualment es presentar\u00e0 el premi Dona Atenea 2019, un reconeixement que enguany recau en M\u00aa Dolores Pulido, professora jubilada i persona molt vinculada al m\u00f3n de l&#8217;espectacle teatral, on fomenta la creativitat i la proximitat de les arts esc\u00e8niques com a directora del Grup Retablillo, del qual tamb\u00e9 \u00e9s fundadora. Per a acabar l&#8217;acte es far\u00e0 lliurament dels premis de dibuix als centres escolars de Torrent.<\/p>\n<p><img fetchpriority=\"high\" decoding=\"async\" class=\"size-full wp-image-24557 aligncenter\" src=\"https:\/\/www.infotorrent.es\/wp-content\/uploads\/2019\/03\/Setmana-Dona.jpg\" alt=\"\" width=\"700\" height=\"467\" \/><\/p>\n","protected":false},"excerpt":{"rendered":"<p>Des del dia 4 fins al 8 de mar\u00e7 Torrent celebra la XXXIII Setmana de la Dona. Com a acte previ a la programaci\u00f3, el dissabte a la vesprada es va organitzar el recital de poesia &#8220;La comissi\u00f3 Nou d\u2019octubre&#8221;, de la m\u00e0 del Cor d\u2019escola de Gavina. L&#8217;acte va donar inici amb la lectura [&hellip;]<\/p>\n","protected":false},"author":9,"featured_media":10927,"comment_status":"closed","ping_status":"open","sticky":false,"template":"","format":"standard","meta":{"_acf_changed":false,"footnotes":""},"categories":[152,116],"tags":[],"class_list":["post-10925","post","type-post","status-publish","format-standard","has-post-thumbnail","hentry","category-igualtat","category-noticies"],"acf":[],"_links":{"self":[{"href":"https:\/\/infotorrent.es\/ca\/wp-json\/wp\/v2\/posts\/10925","targetHints":{"allow":["GET"]}}],"collection":[{"href":"https:\/\/infotorrent.es\/ca\/wp-json\/wp\/v2\/posts"}],"about":[{"href":"https:\/\/infotorrent.es\/ca\/wp-json\/wp\/v2\/types\/post"}],"author":[{"embeddable":true,"href":"https:\/\/infotorrent.es\/ca\/wp-json\/wp\/v2\/users\/9"}],"replies":[{"embeddable":true,"href":"https:\/\/infotorrent.es\/ca\/wp-json\/wp\/v2\/comments?post=10925"}],"version-history":[{"count":0,"href":"https:\/\/infotorrent.es\/ca\/wp-json\/wp\/v2\/posts\/10925\/revisions"}],"wp:featuredmedia":[{"embeddable":true,"href":"https:\/\/infotorrent.es\/ca\/wp-json\/wp\/v2\/media\/10927"}],"wp:attachment":[{"href":"https:\/\/infotorrent.es\/ca\/wp-json\/wp\/v2\/media?parent=10925"}],"wp:term":[{"taxonomy":"category","embeddable":true,"href":"https:\/\/infotorrent.es\/ca\/wp-json\/wp\/v2\/categories?post=10925"},{"taxonomy":"post_tag","embeddable":true,"href":"https:\/\/infotorrent.es\/ca\/wp-json\/wp\/v2\/tags?post=10925"}],"curies":[{"name":"wp","href":"https:\/\/api.w.org\/{rel}","templated":true}]}}