{"id":10901,"date":"2019-02-26T15:01:10","date_gmt":"2019-02-26T15:01:10","guid":{"rendered":"https:\/\/infotorrent.es\/uncategorized\/lajuntament-de-torrent-millora-la-illuminacio-i-la-seguretat-en-el-passatge-cami-la-noria\/"},"modified":"2019-02-26T14:59:32","modified_gmt":"2019-02-26T14:59:32","slug":"lajuntament-de-torrent-millora-la-illuminacio-i-la-seguretat-en-el-passatge-cami-la-noria","status":"publish","type":"post","link":"https:\/\/infotorrent.es\/ca\/noticies\/lajuntament-de-torrent-millora-la-illuminacio-i-la-seguretat-en-el-passatge-cami-la-noria\/","title":{"rendered":"L\u2019Ajuntament de Torrent millora la il\u00b7luminaci\u00f3 i la seguretat en el passatge del Cam\u00ed la N\u00f2ria"},"content":{"rendered":"<p><strong>En les pr\u00f2ximes setmanes es seguiran duent a terme tasques de millora i asfaltatge als carrers confrontants<\/strong><\/p>\n<p style=\"text-align: justify;\">L\u2019Ajuntament de Torrent ha finalitzat el condicionament del passatge de Sant Joan, que connecta els carrers de Sant Joan de la Creu i de Sant Amador en Cam\u00ed la N\u00f2ria. Els treballs han consistit en l\u2019enrajolat de les parets del passatge, la base de la pintura de les quals es trobava en un estat molt deteriorat i s\u2019han eliminat les pintades vand\u00e0liques. Igualment, s\u2019ha sanejat este suport, s\u2019ha picat el morter que hi havia i s\u2019han revestit les parets amb material cer\u00e0mic. A m\u00e9s, s\u2019ha renovat l\u2019enllumenat del passatge i s\u2019ha creat un espai m\u00e9s net i segur per als ve\u00efns i les ve\u00efnes del barri.<\/p>\n<p style=\"text-align: justify;\"><strong>\u201c\u00c9s una reivindicaci\u00f3 de la comunitat de ve\u00efns i ve\u00efnes del passatge, aix\u00ed com de l\u2019associaci\u00f3 de ve\u00efns de Cam\u00ed la N\u00f2ria, que sol\u00b7licitaven des de fa temps la millora d\u2019este espai tan transitat\u201d<\/strong>, ha explicat la regidora d\u2019Urbanisme, Inma Amat.<\/p>\n<p style=\"text-align: justify;\">A m\u00e9s, en les pr\u00f2ximes setmanes es continuaran duent a terme tasques de millora i asfaltatge als carrers confrontants.<\/p>\n","protected":false},"excerpt":{"rendered":"<p>En les pr\u00f2ximes setmanes es seguiran duent a terme tasques de millora i asfaltatge als carrers confrontants L\u2019Ajuntament de Torrent ha finalitzat el condicionament del passatge de Sant Joan, que connecta els carrers de Sant Joan de la Creu i de Sant Amador en Cam\u00ed la N\u00f2ria. Els treballs han consistit en l\u2019enrajolat de les [&hellip;]<\/p>\n","protected":false},"author":6,"featured_media":1137,"comment_status":"closed","ping_status":"open","sticky":false,"template":"","format":"standard","meta":{"_acf_changed":false,"footnotes":""},"categories":[116,133],"tags":[],"class_list":["post-10901","post","type-post","status-publish","format-standard","has-post-thumbnail","hentry","category-noticies","category-urbanisme"],"acf":[],"_links":{"self":[{"href":"https:\/\/infotorrent.es\/ca\/wp-json\/wp\/v2\/posts\/10901","targetHints":{"allow":["GET"]}}],"collection":[{"href":"https:\/\/infotorrent.es\/ca\/wp-json\/wp\/v2\/posts"}],"about":[{"href":"https:\/\/infotorrent.es\/ca\/wp-json\/wp\/v2\/types\/post"}],"author":[{"embeddable":true,"href":"https:\/\/infotorrent.es\/ca\/wp-json\/wp\/v2\/users\/6"}],"replies":[{"embeddable":true,"href":"https:\/\/infotorrent.es\/ca\/wp-json\/wp\/v2\/comments?post=10901"}],"version-history":[{"count":0,"href":"https:\/\/infotorrent.es\/ca\/wp-json\/wp\/v2\/posts\/10901\/revisions"}],"wp:featuredmedia":[{"embeddable":true,"href":"https:\/\/infotorrent.es\/ca\/wp-json\/wp\/v2\/media\/1137"}],"wp:attachment":[{"href":"https:\/\/infotorrent.es\/ca\/wp-json\/wp\/v2\/media?parent=10901"}],"wp:term":[{"taxonomy":"category","embeddable":true,"href":"https:\/\/infotorrent.es\/ca\/wp-json\/wp\/v2\/categories?post=10901"},{"taxonomy":"post_tag","embeddable":true,"href":"https:\/\/infotorrent.es\/ca\/wp-json\/wp\/v2\/tags?post=10901"}],"curies":[{"name":"wp","href":"https:\/\/api.w.org\/{rel}","templated":true}]}}