{"id":10889,"date":"2019-02-25T14:29:51","date_gmt":"2019-02-25T14:29:51","guid":{"rendered":"https:\/\/infotorrent.es\/uncategorized\/ultims-dies-per-a-inscriures-en-la-llancadora-docupacio-de-torrent\/"},"modified":"2019-02-25T14:36:46","modified_gmt":"2019-02-25T14:36:46","slug":"ultims-dies-per-a-inscriures-en-la-llancadora-docupacio-de-torrent","status":"publish","type":"post","link":"https:\/\/infotorrent.es\/ca\/noticies\/ultims-dies-per-a-inscriures-en-la-llancadora-docupacio-de-torrent\/","title":{"rendered":"\u00daltims dies per a inscriure&#8217;s en la Llan\u00e7adora d&#8217;Ocupaci\u00f3 de Torrent"},"content":{"rendered":"<p><strong>Poden apuntar-se, de manera gratu\u00efta, h\u00f2mens i dones amb edats compreses entre els 18 i els 60 anys, que estiguen en atur, amb o sense experi\u00e8ncia pr\u00e8via i de qualsevol nivell d&#8217;estudis<\/strong><\/p>\n<p style=\"text-align: justify;\">El 6 de mar\u00e7 finalitza el termini per a inscriure&#8217;s a la nova Llan\u00e7adora d&#8217;Ocupaci\u00f3 de Torrent, un programa d&#8217;orientaci\u00f3 laboral per a ajudar i guiar a persones desocupades a buscar treball en el nou mercat global i cont\u00ednuament canviant, m\u00e9s tecnol\u00f2gic i amb professions emergents. La iniciativa \u00e9s gratu\u00efta i poden apuntar-se h\u00f3mens i dones amb edats compreses entre els 18 i els 60 anys, que estiguen en atur. Podran tindre qualsevol nivell d&#8217;estudis i arribar de qualsevol sector laboral, amb o sense experi\u00e8ncia pr\u00e8via.<\/p>\n<p style=\"text-align: justify;\">El programa, impulsat per la Fundaci\u00f3 Santa Mar\u00eda la Real, la Fundaci\u00f3 Telef\u00f2nica, l&#8217;Ajuntament de Torrent i el Fons Social Europeu, ha registrat una mitjana d&#8217;inserci\u00f3 laboral del 60% en la primera edici\u00f3, celebrada en 2017. Per tant, la pr\u00f2xima Llan\u00e7adora d&#8217;Ocupaci\u00f3 ser\u00e0 la segona que funcione a la ciutat amb bons resultats, ja que el 60% dels seus participants van modificar la seua situaci\u00f3 laboral trobant treball per compte d&#8217;altri, promovent el seu propi negoci o cursant Certificats de Professionalitat amb acc\u00e9s a pr\u00e0ctiques laborals.<\/p>\n<p style=\"text-align: justify;\">Les persones interessades disposen fins al 6 de mar\u00e7 de 2019 per a inscriure&#8217;s a trav\u00e9s de la web de Llan\u00e7adores (<a href=\"https:\/\/lanzaderasdeempleo.es\/formulario-de-inscripcion\" target=\"_blank\" rel=\"noopener\">https:\/\/lanzaderasdeempleo.es\/formulario-de-inscripcion<\/a>) o en format presencial, sol\u00b7licitant, emplenant i entregant el corresponent formulari d&#8217;inscripci\u00f3 en l&#8217;ag\u00e8ncia municipal IDEA\u00b4T (carrer Val\u00e8ncia, 42), en horari de 9 a 14 hores. Tamb\u00e9 podran sol\u00b7licitar informaci\u00f3 addicional en el tel\u00e8fon 96 111 18 68.<\/p>\n<p style=\"text-align: justify;\">La llan\u00e7adora comen\u00e7ar\u00e0 a funcionar al mar\u00e7 i tindr\u00e0 20 places, destinades a h\u00f2mens i dones en situaci\u00f3 de desocupaci\u00f3 amb edats compreses entre els 18 i els 60 anys. Podran participar-hi persones amb qualsevol nivell formatiu (sense estudis, Graduat Escolar, ESO, Formaci\u00f3 Professional, Batxillerat o estudis universitaris), i procedents de qualsevol sector laboral, amb o sense experi\u00e8ncia pr\u00e8via.<\/p>\n<p style=\"text-align: justify;\">Amb aix\u00f2 es perseguix configurar un equip el m\u00e9s variat i heterogeni possible perqu\u00e8 entre els seus integrants no existisca compet\u00e8ncia a l&#8217;hora de buscar treball, sin\u00f3 que compartisquen coneixements i experi\u00e8ncies, i aposten per una cultura col\u00b7laborativa per a impulsar el seu acc\u00e9s al mercat laboral.<\/p>\n<p style=\"text-align: justify;\">Amb la guia i orientaci\u00f3 d&#8217;un t\u00e8cnic especialitzat de la Fundaci\u00f3 Santa Mar\u00eda la Real duran a terme diverses activitats per a optimitzar la seua cerca de treball: tallers d&#8217;autoconeixement i intel\u00b7lig\u00e8ncia emocional per a aprendre a fer un pla de cerca de treball i enfocar el seu objectiu; actualitzaci\u00f3 i modernitzaci\u00f3 de curr\u00edculums; simulacions d&#8217;entrevistes de treball i processos de selecci\u00f3 grupal.<\/p>\n<p style=\"text-align: justify;\">A m\u00e9s, aprendran noves t\u00e8cniques de comunicaci\u00f3, m\u00e0rqueting i marca personal; elaboraran un mapa d&#8217;ocupabilitat, realitzaran visites a empreses i organitzaran trobades amb reclutadors i experts per a aconseguir la seua inserci\u00f3 laboral.<\/p>\n<p style=\"text-align: justify;\">La llan\u00e7adora no \u00e9s una ag\u00e8ncia de col\u00b7locaci\u00f3 on es dona treball als participants. \u00c9s un programa intensiu per a orientar a persones desocupades a activar i optimitzar la seua cerca de treball en el mercat actual, amb noves t\u00e8cniques que els permeten guanyar confian\u00e7a i seguretat en les entrevistes, i amb noves activitats que els acosten al teixit empresarial. Amb aquest esquema han funcionat m\u00e9s de 500 llan\u00e7adores d&#8217;ocupaci\u00f3 per tot el pa\u00eds, amb m\u00e9s de 11.000 participants, dels quals el 60% han modificat i millorat la seua situaci\u00f3 laboral.<\/p>\n","protected":false},"excerpt":{"rendered":"<p>Poden apuntar-se, de manera gratu\u00efta, h\u00f2mens i dones amb edats compreses entre els 18 i els 60 anys, que estiguen en atur, amb o sense experi\u00e8ncia pr\u00e8via i de qualsevol nivell d&#8217;estudis El 6 de mar\u00e7 finalitza el termini per a inscriure&#8217;s a la nova Llan\u00e7adora d&#8217;Ocupaci\u00f3 de Torrent, un programa d&#8217;orientaci\u00f3 laboral per a [&hellip;]<\/p>\n","protected":false},"author":9,"featured_media":1137,"comment_status":"closed","ping_status":"open","sticky":false,"template":"","format":"standard","meta":{"_acf_changed":false,"footnotes":""},"categories":[120,116],"tags":[],"class_list":["post-10889","post","type-post","status-publish","format-standard","has-post-thumbnail","hentry","category-economia","category-noticies"],"acf":[],"_links":{"self":[{"href":"https:\/\/infotorrent.es\/ca\/wp-json\/wp\/v2\/posts\/10889","targetHints":{"allow":["GET"]}}],"collection":[{"href":"https:\/\/infotorrent.es\/ca\/wp-json\/wp\/v2\/posts"}],"about":[{"href":"https:\/\/infotorrent.es\/ca\/wp-json\/wp\/v2\/types\/post"}],"author":[{"embeddable":true,"href":"https:\/\/infotorrent.es\/ca\/wp-json\/wp\/v2\/users\/9"}],"replies":[{"embeddable":true,"href":"https:\/\/infotorrent.es\/ca\/wp-json\/wp\/v2\/comments?post=10889"}],"version-history":[{"count":0,"href":"https:\/\/infotorrent.es\/ca\/wp-json\/wp\/v2\/posts\/10889\/revisions"}],"wp:featuredmedia":[{"embeddable":true,"href":"https:\/\/infotorrent.es\/ca\/wp-json\/wp\/v2\/media\/1137"}],"wp:attachment":[{"href":"https:\/\/infotorrent.es\/ca\/wp-json\/wp\/v2\/media?parent=10889"}],"wp:term":[{"taxonomy":"category","embeddable":true,"href":"https:\/\/infotorrent.es\/ca\/wp-json\/wp\/v2\/categories?post=10889"},{"taxonomy":"post_tag","embeddable":true,"href":"https:\/\/infotorrent.es\/ca\/wp-json\/wp\/v2\/tags?post=10889"}],"curies":[{"name":"wp","href":"https:\/\/api.w.org\/{rel}","templated":true}]}}