{"id":10885,"date":"2019-02-22T14:00:46","date_gmt":"2019-02-22T14:00:46","guid":{"rendered":"https:\/\/infotorrent.es\/uncategorized\/lajuntament-de-torrent-continua-amb-les-millores-en-els-barris-i-carrers-de-la-ciutat\/"},"modified":"2019-02-22T13:58:21","modified_gmt":"2019-02-22T13:58:21","slug":"lajuntament-de-torrent-continua-amb-les-millores-en-els-barris-i-carrers-de-la-ciutat","status":"publish","type":"post","link":"https:\/\/infotorrent.es\/ca\/noticies\/lajuntament-de-torrent-continua-amb-les-millores-en-els-barris-i-carrers-de-la-ciutat\/","title":{"rendered":"L&#8217;Ajuntament de Torrent continua amb les millores en els barris i carrers de la ciutat"},"content":{"rendered":"<p style=\"text-align: justify;\"><strong>Els \u00faltims treballs, inclosos en el Pla de Millora i Manteniment de les Vies P\u00fabliques, consisteixen, principalment, en asfaltat i pavimentat<\/strong><\/p>\n<p style=\"text-align: justify;\">L&#8217;Ajuntament de Torrent ha culminat en els \u00faltims dies la millora d&#8217;una s\u00e8rie de carrers en diferents punts de la ciutat. Els treballs han consistit, principalment, en la millora de la pavimentaci\u00f3 i l&#8217;asfaltat. En les \u00faltimes setmanes s&#8217;ha intervingut als carrers Jos\u00e9 Navarro, Pare Feijoo, Cadis, El Salvador, Encarnaci\u00f3n Langa, M\u00fasic Andreu Navarro, Albaida, 6 de desembre i 8 de mar\u00e7.<\/p>\n<p style=\"text-align: justify;\"><img fetchpriority=\"high\" decoding=\"async\" class=\"size-full wp-image-24267 aligncenter\" src=\"https:\/\/www.infotorrent.es\/wp-content\/uploads\/2019\/02\/mejoras-asfaltado-5-1.jpg\" alt=\"\" width=\"750\" height=\"483\" \/><\/p>\n<p style=\"text-align: justify;\">La regidora de Desenvolupament Sostenible, Inma Amat, ha assenyalat que \u201cel consistori treballa cont\u00ednuament per a mantindre en bon estat la via p\u00fablica i aconseguir per als ve\u00efns i ve\u00efnes un entorn m\u00e9s amable i accessible\u201d.<\/p>\n<p style=\"text-align: justify;\">El consistori continua amb les actuacions emmarcades dins del pla de manteniment, posat en marxa en 2017, i gr\u00e0cies al qual s&#8217;han pogut millorar els carrers de nombrosos barris de la ciutat. En 2018 es va millorar l&#8217;aspecte de m\u00e9s de 30 carrers amb una inversi\u00f3 pr\u00f2xima als 700.000 euros.<\/p>\n<p><img decoding=\"async\" class=\"size-full wp-image-24265 aligncenter\" src=\"https:\/\/www.infotorrent.es\/wp-content\/uploads\/2019\/02\/mejoras-asfaltado-6-1.jpg\" alt=\"\" width=\"750\" height=\"500\" \/><\/p>\n<p>&nbsp;<\/p>\n<p style=\"text-align: justify;\">Gr\u00e0cies al Pla de Millora i Manteniment de les Vies P\u00fabliques s&#8217;han pogut dur a terme millores d&#8217;accessibilitat en la Marxadella, s&#8217;han executat passos elevats en Parc Central, noves voreres en el Vedat i una nova pavimentaci\u00f3 en el passeig d&#8217;entrada de l\u2019Hort de Tr\u00e9nor, entre altres iniciatives demandades per les ve\u00efnes i ve\u00efns.<\/p>\n<p>&nbsp;<\/p>\n","protected":false},"excerpt":{"rendered":"<p>Els \u00faltims treballs, inclosos en el Pla de Millora i Manteniment de les Vies P\u00fabliques, consisteixen, principalment, en asfaltat i pavimentat L&#8217;Ajuntament de Torrent ha culminat en els \u00faltims dies la millora d&#8217;una s\u00e8rie de carrers en diferents punts de la ciutat. Els treballs han consistit, principalment, en la millora de la pavimentaci\u00f3 i l&#8217;asfaltat. [&hellip;]<\/p>\n","protected":false},"author":3,"featured_media":10887,"comment_status":"closed","ping_status":"open","sticky":false,"template":"","format":"standard","meta":{"_acf_changed":false,"footnotes":""},"categories":[116,133],"tags":[259],"class_list":["post-10885","post","type-post","status-publish","format-standard","has-post-thumbnail","hentry","category-noticies","category-urbanisme","tag-ajuntament-de-torrenttorrent"],"acf":[],"_links":{"self":[{"href":"https:\/\/infotorrent.es\/ca\/wp-json\/wp\/v2\/posts\/10885","targetHints":{"allow":["GET"]}}],"collection":[{"href":"https:\/\/infotorrent.es\/ca\/wp-json\/wp\/v2\/posts"}],"about":[{"href":"https:\/\/infotorrent.es\/ca\/wp-json\/wp\/v2\/types\/post"}],"author":[{"embeddable":true,"href":"https:\/\/infotorrent.es\/ca\/wp-json\/wp\/v2\/users\/3"}],"replies":[{"embeddable":true,"href":"https:\/\/infotorrent.es\/ca\/wp-json\/wp\/v2\/comments?post=10885"}],"version-history":[{"count":0,"href":"https:\/\/infotorrent.es\/ca\/wp-json\/wp\/v2\/posts\/10885\/revisions"}],"wp:featuredmedia":[{"embeddable":true,"href":"https:\/\/infotorrent.es\/ca\/wp-json\/wp\/v2\/media\/10887"}],"wp:attachment":[{"href":"https:\/\/infotorrent.es\/ca\/wp-json\/wp\/v2\/media?parent=10885"}],"wp:term":[{"taxonomy":"category","embeddable":true,"href":"https:\/\/infotorrent.es\/ca\/wp-json\/wp\/v2\/categories?post=10885"},{"taxonomy":"post_tag","embeddable":true,"href":"https:\/\/infotorrent.es\/ca\/wp-json\/wp\/v2\/tags?post=10885"}],"curies":[{"name":"wp","href":"https:\/\/api.w.org\/{rel}","templated":true}]}}